{"id":12618,"date":"2021-06-17T11:08:12","date_gmt":"2021-06-17T11:08:12","guid":{"rendered":"http:\/\/sobedrj.com.br\/novo\/?p=12618"},"modified":"2021-06-23T09:54:39","modified_gmt":"2021-06-23T09:54:39","slug":"projeto-permite-contratacao-direta-dos-medicos-pelos-planos-de-saude","status":"publish","type":"post","link":"https:\/\/sobedrj.com.br\/novo\/2021\/06\/17\/projeto-permite-contratacao-direta-dos-medicos-pelos-planos-de-saude\/","title":{"rendered":"Projeto permite contrata\u00e7\u00e3o direta dos m\u00e9dicos pelos planos de sa\u00fade"},"content":{"rendered":"<p>Fonte: Ag\u00eancia C\u00e2mara de Not\u00edcias<\/p>\n<p>O Projeto de Lei 1480\/21 prev\u00ea que, caso o m\u00e9dico solicite, as operadoras de planos de sa\u00fade ser\u00e3o obrigadas a firmar contratos individuais para realiza\u00e7\u00e3o de consultas e procedimentos m\u00e9dicos sem intermedia\u00e7\u00e3o de uma empresa.<\/p>\n<p>O texto em an\u00e1lise na C\u00e2mara dos Deputados exige que o m\u00e9dico interessado tenha Registro de Qualifica\u00e7\u00e3o de Especialista (RQE), exceto o cl\u00ednico geral, que dever\u00e1 apenas possuir registro no Conselho Federal de Medicina (CFM).<\/p>\n<p>\u201cO atual sistema tribut\u00e1rio pune o m\u00e9dico com bitributa\u00e7\u00e3o efetiva \u2013 paga-se como pessoa jur\u00eddica e depois como pessoa f\u00edsica \u2013, tornando-o ref\u00e9m ou escravo de cl\u00ednicas e hospitais ao n\u00e3o permitir recebimento direto das operadoras de sa\u00fade\u201d, disse o autor, deputado Raimundo Costa (PL-BA).<\/p>\n<p><strong>Tramita\u00e7\u00e3o<\/strong><br \/>\nO projeto tramita em <span id=\"4322\" class=\"termoGlossario\" title=\"\" contenteditable=\"false\" data-toggle=\"tooltip\" data-placement=\"top\" data-original-title=\"Rito de tramita\u00e7\u00e3o pelo qual o projeto \u00e9 votado apenas pelas comiss\u00f5es designadas para analis\u00e1-lo, dispensada a delibera\u00e7\u00e3o do Plen\u00e1rio. O projeto perde o car\u00e1ter conclusivo se houver decis\u00e3o divergente entre as comiss\u00f5es ou se, independentemente de ser aprovado ou rejeitado, houver recurso assinado por 52 deputados para a aprecia\u00e7\u00e3o da mat\u00e9ria no Plen\u00e1rio.\">car\u00e1ter conclusivo<\/span> e ser\u00e1 analisado pelas comiss\u00f5es de Seguridade Social e Fam\u00edlia; e de Constitui\u00e7\u00e3o e Justi\u00e7a e de Cidadania.<\/p>\n","protected":false},"excerpt":{"rendered":"<p>Fonte: Ag\u00eancia C\u00e2mara de Not\u00edcias O Projeto de Lei 1480\/21 prev\u00ea que, caso o m\u00e9dico solicite, as operadoras de planos de sa\u00fade ser\u00e3o obrigadas a firmar contratos individuais para realiza\u00e7\u00e3o de consultas e procedimentos m\u00e9dicos sem intermedia\u00e7\u00e3o de uma empresa. O texto em an\u00e1lise na C\u00e2mara dos Deputados exige que o m\u00e9dico interessado tenha Registro [&hellip;]<\/p>\n","protected":false},"author":1,"featured_media":0,"comment_status":"closed","ping_status":"open","sticky":false,"template":"","format":"standard","meta":{"ngg_post_thumbnail":0,"footnotes":""},"categories":[2],"tags":[],"class_list":["post-12618","post","type-post","status-publish","format-standard","hentry","category-noticias"],"aioseo_notices":[],"gutentor_comment":0,"_links":{"self":[{"href":"https:\/\/sobedrj.com.br\/novo\/wp-json\/wp\/v2\/posts\/12618","targetHints":{"allow":["GET"]}}],"collection":[{"href":"https:\/\/sobedrj.com.br\/novo\/wp-json\/wp\/v2\/posts"}],"about":[{"href":"https:\/\/sobedrj.com.br\/novo\/wp-json\/wp\/v2\/types\/post"}],"author":[{"embeddable":true,"href":"https:\/\/sobedrj.com.br\/novo\/wp-json\/wp\/v2\/users\/1"}],"replies":[{"embeddable":true,"href":"https:\/\/sobedrj.com.br\/novo\/wp-json\/wp\/v2\/comments?post=12618"}],"version-history":[{"count":1,"href":"https:\/\/sobedrj.com.br\/novo\/wp-json\/wp\/v2\/posts\/12618\/revisions"}],"predecessor-version":[{"id":12620,"href":"https:\/\/sobedrj.com.br\/novo\/wp-json\/wp\/v2\/posts\/12618\/revisions\/12620"}],"wp:attachment":[{"href":"https:\/\/sobedrj.com.br\/novo\/wp-json\/wp\/v2\/media?parent=12618"}],"wp:term":[{"taxonomy":"category","embeddable":true,"href":"https:\/\/sobedrj.com.br\/novo\/wp-json\/wp\/v2\/categories?post=12618"},{"taxonomy":"post_tag","embeddable":true,"href":"https:\/\/sobedrj.com.br\/novo\/wp-json\/wp\/v2\/tags?post=12618"}],"curies":[{"name":"wp","href":"https:\/\/api.w.org\/{rel}","templated":true}]}}