{"id":13299,"date":"2021-10-03T10:40:04","date_gmt":"2021-10-03T10:40:04","guid":{"rendered":"http:\/\/sobedrj.com.br\/novo\/?p=13299"},"modified":"2021-10-04T16:33:13","modified_gmt":"2021-10-04T16:33:13","slug":"eleicoes-para-a-gestao-2023-2024-da-sobed-acontecem-em-novembro","status":"publish","type":"post","link":"https:\/\/sobedrj.com.br\/novo\/2021\/10\/03\/eleicoes-para-a-gestao-2023-2024-da-sobed-acontecem-em-novembro\/","title":{"rendered":"Elei\u00e7\u00f5es para a gest\u00e3o 2023-2024 da SOBED acontecem em novembro"},"content":{"rendered":"<p>fonte: SOBED<\/p>\n<p class=\"bodytext\">Neste ano acontece o processo eleitoral para confirma\u00e7\u00e3o da chapa \u00fanica para o per\u00edodo 2023-2024, conforme edital publicado no Portal em 19 de agosto de 2021. As elei\u00e7\u00f5es acontecem de forma digital nos dias 17 a 19 de novembro.<\/p>\n<p class=\"bodytext\">Ter\u00e3o direito ao voto os membros titulares adimplentes. Embora tenha se consolidada uma chapa \u00fanica para a pr\u00f3xima gest\u00e3o, h\u00e1 a necessidade de que todos participem do processo eleitoral para a valida\u00e7\u00e3o da escolha.<\/p>\n<p class=\"bodytext\">A cada dois anos a SOBED realiza o processo para escolha da nova diretoria executiva, dando oportunidade para a renova\u00e7\u00e3o democr\u00e1tica do pensamento coletivo para a melhoria e unifica\u00e7\u00e3o da categoria.\u00a0<i>\u201cToda nossa dedica\u00e7\u00e3o,\u00a0todo nosso esfor\u00e7o, toda nossa intelig\u00eancia, devem estar direcionados para que a SOBED possa ser boa para todos os endoscopistas brasileiros. As elei\u00e7\u00f5es na SOBED abrem as portas, democraticamente, para\u00a0que os s\u00f3cios possam participar direta e ativamente nos destinos da nossa sociedade\u201d<\/i>\u00a0informa Carlos Alberto Silva Barros, presidente da Comiss\u00e3o eleitoral da SOBED em 2021.<\/p>\n<p class=\"bodytext\">Esse ano tivemos a forma\u00e7\u00e3o da chapa encabe\u00e7ada pelos doutores Herbeth Toledo e Thiago Secchi\u00a0<i>\u201cJuntos trabalhando para o futuro\u201d<\/i>, \u00fanica inscrita no per\u00edodo at\u00e9 20 de julho, conforme edital publicado no Portal da SOBED. A elei\u00e7\u00e3o tamb\u00e9m prev\u00ea o voto em dois conselheiros fiscais, mas neste per\u00edodo n\u00e3o houve inscri\u00e7\u00f5es para concorrer ao cargo.<\/p>\n<p class=\"bodytext\">O\u00a0<b><a href=\"https:\/\/www.sobed.org.br\/eleicoes-sobed\/\" target=\"_blank\" rel=\"noopener\">cronograma<\/a><\/b>\u00a0pode ser consultado no Portal, onde tamb\u00e9m consta o restante da documenta\u00e7\u00e3o importante para o processo. A vota\u00e7\u00e3o ser\u00e1 totalmente online e os s\u00f3cios titulares adimplentes at\u00e9 o dia 10 de novembro receber\u00e3o link e senha por e-mail e, por isso, \u00e9 fundamental que todos estejam com seus endere\u00e7os atualizados junto \u00e0 SOBED (para d\u00favidas e atualiza\u00e7\u00e3o do cadastro, encaminhar informa\u00e7\u00f5es para\u00a0<b><a href=\"mailto:associados@sobed.org.br\">associados@sobed.org.br<\/a><\/b>).<\/p>\n<p class=\"bodytext\">A divulga\u00e7\u00e3o dos resultados acontece durante a AGO, em 28 de novembro, durante a XX SBAD Digital.<\/p>\n","protected":false},"excerpt":{"rendered":"<p>fonte: SOBED Neste ano acontece o processo eleitoral para confirma\u00e7\u00e3o da chapa \u00fanica para o per\u00edodo 2023-2024, conforme edital publicado no Portal em 19 de agosto de 2021. As elei\u00e7\u00f5es acontecem de forma digital nos dias 17 a 19 de novembro. Ter\u00e3o direito ao voto os membros titulares adimplentes. Embora tenha se consolidada uma chapa [&hellip;]<\/p>\n","protected":false},"author":1,"featured_media":13301,"comment_status":"closed","ping_status":"open","sticky":false,"template":"","format":"standard","meta":{"ngg_post_thumbnail":0,"footnotes":""},"categories":[2],"tags":[],"class_list":["post-13299","post","type-post","status-publish","format-standard","has-post-thumbnail","hentry","category-noticias"],"aioseo_notices":[],"gutentor_comment":0,"_links":{"self":[{"href":"https:\/\/sobedrj.com.br\/novo\/wp-json\/wp\/v2\/posts\/13299","targetHints":{"allow":["GET"]}}],"collection":[{"href":"https:\/\/sobedrj.com.br\/novo\/wp-json\/wp\/v2\/posts"}],"about":[{"href":"https:\/\/sobedrj.com.br\/novo\/wp-json\/wp\/v2\/types\/post"}],"author":[{"embeddable":true,"href":"https:\/\/sobedrj.com.br\/novo\/wp-json\/wp\/v2\/users\/1"}],"replies":[{"embeddable":true,"href":"https:\/\/sobedrj.com.br\/novo\/wp-json\/wp\/v2\/comments?post=13299"}],"version-history":[{"count":1,"href":"https:\/\/sobedrj.com.br\/novo\/wp-json\/wp\/v2\/posts\/13299\/revisions"}],"predecessor-version":[{"id":13302,"href":"https:\/\/sobedrj.com.br\/novo\/wp-json\/wp\/v2\/posts\/13299\/revisions\/13302"}],"wp:featuredmedia":[{"embeddable":true,"href":"https:\/\/sobedrj.com.br\/novo\/wp-json\/wp\/v2\/media\/13301"}],"wp:attachment":[{"href":"https:\/\/sobedrj.com.br\/novo\/wp-json\/wp\/v2\/media?parent=13299"}],"wp:term":[{"taxonomy":"category","embeddable":true,"href":"https:\/\/sobedrj.com.br\/novo\/wp-json\/wp\/v2\/categories?post=13299"},{"taxonomy":"post_tag","embeddable":true,"href":"https:\/\/sobedrj.com.br\/novo\/wp-json\/wp\/v2\/tags?post=13299"}],"curies":[{"name":"wp","href":"https:\/\/api.w.org\/{rel}","templated":true}]}}