{"id":13305,"date":"2021-10-04T10:23:55","date_gmt":"2021-10-04T10:23:55","guid":{"rendered":"http:\/\/sobedrj.com.br\/novo\/?p=13305"},"modified":"2021-10-04T16:32:26","modified_gmt":"2021-10-04T16:32:26","slug":"defensoria-publica-processa-cfm-e-pede-indenizacao-de-r-60-milhoes","status":"publish","type":"post","link":"https:\/\/sobedrj.com.br\/novo\/2021\/10\/04\/defensoria-publica-processa-cfm-e-pede-indenizacao-de-r-60-milhoes\/","title":{"rendered":"Defensoria P\u00fablica processa CFM e pede indeniza\u00e7\u00e3o de R$ 60 milh\u00f5es"},"content":{"rendered":"<p>fonte: G1<\/p>\n<div class=\"mc-column content-text active-extra-styles \" data-block-type=\"unstyled\" data-block-weight=\"44\" data-block-id=\"2\">\n<p class=\"content-text__container \" data-track-category=\"Link no Texto\" data-track-links=\"\">A Defensoria P\u00fablica da Uni\u00e3o entrou com uma a\u00e7\u00e3o civil contra o Conselho Federal de Medicina (CFM) por danos morais coletivos pela indica\u00e7\u00e3o do uso de cloroquina e hidroxicloroquina em pacientes com Covid-19, medicamentos comprovadamente ineficazes no tratamento da doen\u00e7a.<\/p>\n<\/div>\n<div class=\"wall protected-content\">\n<div class=\"mc-column content-text active-extra-styles \" data-block-type=\"unstyled\" data-block-weight=\"24\" data-block-id=\"3\">\n<p class=\"content-text__container \" data-track-category=\"Link no Texto\" data-track-links=\"\">A a\u00e7\u00e3o foi protocolada na 22\u00b0 Vara C\u00edvel Federal de S\u00e3o Paulo e \u00e9 assinada por defensores de 10 estados e do Distrito Federal.<\/p>\n<\/div>\n<div class=\"mc-column content-text active-extra-styles \" data-block-type=\"unstyled\" data-block-weight=\"37\" data-block-id=\"5\">\n<p class=\"content-text__container \" data-track-category=\"Link no Texto\" data-track-links=\"\">Al\u00e9m de\u00a0<span class=\"highlight highlighted\">indeniza\u00e7\u00e3o coletiva no valor de R$ 60 milh\u00f5es<\/span>, a a\u00e7\u00e3o tamb\u00e9m pede indeniza\u00e7\u00f5es individuais a familiares que tiveram parentes que foram tratados com os medicamentos e tiveram o quadro de sa\u00fade piorado e morreram.<\/p>\n<\/div>\n<div class=\"mc-column content-text active-extra-styles \" data-block-type=\"unstyled\" data-block-weight=\"30\" data-block-id=\"6\">\n<p class=\"content-text__container \" data-track-category=\"Link no Texto\" data-track-links=\"\">Os defensores tamb\u00e9m pedem que o Conselho &#8220;oriente ostensivamente a comunidade m\u00e9dica e a popula\u00e7\u00e3o em geral sobre a\u00a0<span class=\"highlight highlighted\">inefic\u00e1cia de cloroquina e hidroxicloroquina no tratamento contra a Covid-19<\/span>&#8220;.<\/p>\n<\/div>\n<div class=\"mc-column content-text active-extra-styles \" data-block-type=\"unstyled\" data-block-weight=\"22\" data-block-id=\"7\">\n<p class=\"content-text__container \" data-track-category=\"Link no Texto\" data-track-links=\"\">No documento, \u00e9 citado o parecer do CFM de 2020 que autorizou a indica\u00e7\u00e3o dos rem\u00e9dios para o chamado &#8220;tratamento precoce&#8221;.<\/p>\n<\/div>\n<div class=\"mc-column content-text active-extra-styles \" data-block-type=\"unstyled\" data-block-weight=\"42\" data-block-id=\"8\">\n<p class=\"content-text__container \" data-track-category=\"Link no Texto\" data-track-links=\"\">Tamb\u00e9m s\u00e3o apontadas manifesta\u00e7\u00f5es posteriores do Conselho que mantiveram a orienta\u00e7\u00e3o para o uso sob a justificativa de autonomia do m\u00e9dico e do paciente, mesmo ap\u00f3s estudos cient\u00edficos terem apontado aumento da mortalidade e inefic\u00e1cia da cloroquina no uso contra a Covid-19.<\/p>\n<\/div>\n<div class=\"mc-column content-text active-extra-styles \" data-block-type=\"unstyled\" data-block-weight=\"36\" data-block-id=\"10\">\n<p class=\"content-text__container \" data-track-category=\"Link no Texto\" data-track-links=\"\">&#8220;Apesar de toda a evid\u00eancia cient\u00edfica acumulada, em 5 de maio de 2021, foi divulgado que o CFM ratificou que n\u00e3o mudaria sua postura em rela\u00e7\u00e3o ao uso da cloroquina no Brasil&#8221;, diz a a\u00e7\u00e3o.<\/p>\n<\/div>\n<div class=\"mc-column content-text active-extra-styles \" data-block-type=\"unstyled\" data-block-weight=\"25\" data-block-id=\"11\">\n<p class=\"content-text__container \" data-track-category=\"Link no Texto\" data-track-links=\"\">Em nota, o CFM afirmou que ainda n\u00e3o recebeu comunica\u00e7\u00e3o judicial sobre a a\u00e7\u00e3o. &#8220;Caso seja acionado, oferecer\u00e1 todas as informa\u00e7\u00f5es pertinentes&#8221;, diz ainda.<\/p>\n<\/div>\n<\/div>\n","protected":false},"excerpt":{"rendered":"<p>fonte: G1 A Defensoria P\u00fablica da Uni\u00e3o entrou com uma a\u00e7\u00e3o civil contra o Conselho Federal de Medicina (CFM) por danos morais coletivos pela indica\u00e7\u00e3o do uso de cloroquina e hidroxicloroquina em pacientes com Covid-19, medicamentos comprovadamente ineficazes no tratamento da doen\u00e7a. A a\u00e7\u00e3o foi protocolada na 22\u00b0 Vara C\u00edvel Federal de S\u00e3o Paulo e [&hellip;]<\/p>\n","protected":false},"author":1,"featured_media":13307,"comment_status":"closed","ping_status":"open","sticky":false,"template":"","format":"standard","meta":{"ngg_post_thumbnail":0,"footnotes":""},"categories":[2],"tags":[],"class_list":["post-13305","post","type-post","status-publish","format-standard","has-post-thumbnail","hentry","category-noticias"],"aioseo_notices":[],"gutentor_comment":0,"_links":{"self":[{"href":"https:\/\/sobedrj.com.br\/novo\/wp-json\/wp\/v2\/posts\/13305","targetHints":{"allow":["GET"]}}],"collection":[{"href":"https:\/\/sobedrj.com.br\/novo\/wp-json\/wp\/v2\/posts"}],"about":[{"href":"https:\/\/sobedrj.com.br\/novo\/wp-json\/wp\/v2\/types\/post"}],"author":[{"embeddable":true,"href":"https:\/\/sobedrj.com.br\/novo\/wp-json\/wp\/v2\/users\/1"}],"replies":[{"embeddable":true,"href":"https:\/\/sobedrj.com.br\/novo\/wp-json\/wp\/v2\/comments?post=13305"}],"version-history":[{"count":1,"href":"https:\/\/sobedrj.com.br\/novo\/wp-json\/wp\/v2\/posts\/13305\/revisions"}],"predecessor-version":[{"id":13308,"href":"https:\/\/sobedrj.com.br\/novo\/wp-json\/wp\/v2\/posts\/13305\/revisions\/13308"}],"wp:featuredmedia":[{"embeddable":true,"href":"https:\/\/sobedrj.com.br\/novo\/wp-json\/wp\/v2\/media\/13307"}],"wp:attachment":[{"href":"https:\/\/sobedrj.com.br\/novo\/wp-json\/wp\/v2\/media?parent=13305"}],"wp:term":[{"taxonomy":"category","embeddable":true,"href":"https:\/\/sobedrj.com.br\/novo\/wp-json\/wp\/v2\/categories?post=13305"},{"taxonomy":"post_tag","embeddable":true,"href":"https:\/\/sobedrj.com.br\/novo\/wp-json\/wp\/v2\/tags?post=13305"}],"curies":[{"name":"wp","href":"https:\/\/api.w.org\/{rel}","templated":true}]}}