{"id":13316,"date":"2021-10-04T11:05:29","date_gmt":"2021-10-04T11:05:29","guid":{"rendered":"http:\/\/sobedrj.com.br\/novo\/?p=13316"},"modified":"2021-10-04T16:32:02","modified_gmt":"2021-10-04T16:32:02","slug":"covid-19-cremerj-abre-vagas-para-3a-dose-da-vacina-para-medicos-com-mais-de-60-anos","status":"publish","type":"post","link":"https:\/\/sobedrj.com.br\/novo\/2021\/10\/04\/covid-19-cremerj-abre-vagas-para-3a-dose-da-vacina-para-medicos-com-mais-de-60-anos\/","title":{"rendered":"Covid-19: Cremerj abre vagas para 3\u00aa dose da vacina para m\u00e9dicos com mais de 60 anos"},"content":{"rendered":"<p>fonte: Cremerj<\/p>\n<p>A complementa\u00e7\u00e3o da vacina contra Covid-19 na sede do Cremerj foi aberta para mais um grupo, contemplando m\u00e9dicos de 60 anos ou mais, desta vez com a data da segunda dose at\u00e9 30 de junho. Para esta etapa \u00e9 obrigat\u00f3rio agendamento. Apresente seu comprovante de vacina\u00e7\u00e3o e documento de identifica\u00e7\u00e3o original com foto ao vir se imunizar.<\/p>\n<p>A vacina disponibilizada ser\u00e1 a da Pfizer.<\/p>\n<p><a href=\"https:\/\/www.cremerj.org.br\/vacinaparaosmedicos\/terceiradose\" target=\"_blank\" rel=\"noopener\">FA\u00c7A SEU AGENDAMENTO<\/a><\/p>\n<p>O p\u00fablico com 40 anos ou mais, com imunossupress\u00e3o, e com intervalo m\u00ednimo de 28 dias da segunda aplica\u00e7\u00e3o, permanece inserido nas novas datas. Para este grupo, tamb\u00e9m \u00e9 necess\u00e1rio apresentar laudo m\u00e9dico comprovando a imunossupress\u00e3o, com data de emiss\u00e3o de at\u00e9 60 dias anteriores (Exclusivamente para este grupo n\u00e3o h\u00e1 agendamento).<\/p>\n<p>Confira abaixo as orienta\u00e7\u00f5es para ser vacinado com a terceira dose:<\/p>\n<p>&#8211; Apresente seu comprovante de vacina\u00e7\u00e3o e documento de identifica\u00e7\u00e3o original com foto. Para m\u00e9dicos a partir de 40 anos, tamb\u00e9m \u00e9 necess\u00e1rio apresentar laudo m\u00e9dico comprovando a imunossupress\u00e3o, com data de emiss\u00e3o de at\u00e9 60 dias anteriores.<\/p>\n<p>&#8211; O agendamento pr\u00e9vio \u00e9 obrigat\u00f3rio! A aplica\u00e7\u00e3o da terceira dose acontecer\u00e1 das 9h30 \u00e0s 12h30, na sede do CREMERJ, localizada na Praia de Botafogo, 228, loja 119b, em Botafogo \u2013 na Zona Sul da capital.<\/p>\n<p>&#8211; Os m\u00e9dicos acima de 90 anos, com problemas de locomo\u00e7\u00e3o, podem agendar atendimento domiciliar, mediante agendamento com a Central de Relacionamento (21) 3184-7050.<\/p>\n","protected":false},"excerpt":{"rendered":"<p>fonte: Cremerj A complementa\u00e7\u00e3o da vacina contra Covid-19 na sede do Cremerj foi aberta para mais um grupo, contemplando m\u00e9dicos de 60 anos ou mais, desta vez com a data da segunda dose at\u00e9 30 de junho. Para esta etapa \u00e9 obrigat\u00f3rio agendamento. Apresente seu comprovante de vacina\u00e7\u00e3o e documento de identifica\u00e7\u00e3o original com foto [&hellip;]<\/p>\n","protected":false},"author":1,"featured_media":13318,"comment_status":"closed","ping_status":"open","sticky":false,"template":"","format":"standard","meta":{"ngg_post_thumbnail":0,"footnotes":""},"categories":[2],"tags":[],"class_list":["post-13316","post","type-post","status-publish","format-standard","has-post-thumbnail","hentry","category-noticias"],"aioseo_notices":[],"gutentor_comment":0,"_links":{"self":[{"href":"https:\/\/sobedrj.com.br\/novo\/wp-json\/wp\/v2\/posts\/13316","targetHints":{"allow":["GET"]}}],"collection":[{"href":"https:\/\/sobedrj.com.br\/novo\/wp-json\/wp\/v2\/posts"}],"about":[{"href":"https:\/\/sobedrj.com.br\/novo\/wp-json\/wp\/v2\/types\/post"}],"author":[{"embeddable":true,"href":"https:\/\/sobedrj.com.br\/novo\/wp-json\/wp\/v2\/users\/1"}],"replies":[{"embeddable":true,"href":"https:\/\/sobedrj.com.br\/novo\/wp-json\/wp\/v2\/comments?post=13316"}],"version-history":[{"count":1,"href":"https:\/\/sobedrj.com.br\/novo\/wp-json\/wp\/v2\/posts\/13316\/revisions"}],"predecessor-version":[{"id":13319,"href":"https:\/\/sobedrj.com.br\/novo\/wp-json\/wp\/v2\/posts\/13316\/revisions\/13319"}],"wp:featuredmedia":[{"embeddable":true,"href":"https:\/\/sobedrj.com.br\/novo\/wp-json\/wp\/v2\/media\/13318"}],"wp:attachment":[{"href":"https:\/\/sobedrj.com.br\/novo\/wp-json\/wp\/v2\/media?parent=13316"}],"wp:term":[{"taxonomy":"category","embeddable":true,"href":"https:\/\/sobedrj.com.br\/novo\/wp-json\/wp\/v2\/categories?post=13316"},{"taxonomy":"post_tag","embeddable":true,"href":"https:\/\/sobedrj.com.br\/novo\/wp-json\/wp\/v2\/tags?post=13316"}],"curies":[{"name":"wp","href":"https:\/\/api.w.org\/{rel}","templated":true}]}}