{"id":13739,"date":"2022-01-24T11:13:40","date_gmt":"2022-01-24T11:13:40","guid":{"rendered":"https:\/\/sobedrj.com.br\/novo\/?p=13739"},"modified":"2022-01-25T20:58:59","modified_gmt":"2022-01-25T20:58:59","slug":"cremerj-vacina-medicos-e-seus-filhosas","status":"publish","type":"post","link":"https:\/\/sobedrj.com.br\/novo\/2022\/01\/24\/cremerj-vacina-medicos-e-seus-filhosas\/","title":{"rendered":"Cremerj vacina m\u00e9dicos e seus filhos(as)"},"content":{"rendered":"<p>fonte: Cremerj<\/p>\n<p>A campanha de vacina\u00e7\u00e3o do CREMERJ para os m\u00e9dicos est\u00e1 com novas datas para aplica\u00e7\u00e3o da terceira dose! A novidade \u00e9 que esta fase tamb\u00e9m se estende a filhos de m\u00e9dicos a partir de 18 anos. Para isso, ser\u00e1 necess\u00e1rio comprovar filia\u00e7\u00e3o.<\/p>\n<p>A terceira dose est\u00e1 sendo aplicada na sede do Conselho, em Botafogo \u2013 Zona Sul do Rio de Janeiro \u2013, das 9h30 \u00e0s 12h30. As vacinas disponibilizadas pela Secretaria Municipal de Sa\u00fade ser\u00e3o Pfizer e AstraZeneca.<\/p>\n<p>O agendamento come\u00e7ou na sexta-feira, 21. <a href=\"https:\/\/www.cremerj.org.br\/servicocidadao\/agendamento\/vacinacao\/\" target=\"_blank\" rel=\"noopener\">Clique aqui e agende a sua data<\/a>!<\/p>\n<p>Vale lembrar que o CREMERJ continua com a campanha Vacina Solid\u00e1ria. Os m\u00e9dicos que forem se vacinar contra a Covid-19 poder\u00e3o contribuir com alimentos n\u00e3o perec\u00edveis. Todas as doa\u00e7\u00f5es ser\u00e3o destinadas para institui\u00e7\u00f5es de caridade.<\/p>\n","protected":false},"excerpt":{"rendered":"<p>fonte: Cremerj A campanha de vacina\u00e7\u00e3o do CREMERJ para os m\u00e9dicos est\u00e1 com novas datas para aplica\u00e7\u00e3o da terceira dose! A novidade \u00e9 que esta fase tamb\u00e9m se estende a filhos de m\u00e9dicos a partir de 18 anos. Para isso, ser\u00e1 necess\u00e1rio comprovar filia\u00e7\u00e3o. A terceira dose est\u00e1 sendo aplicada na sede do Conselho, em [&hellip;]<\/p>\n","protected":false},"author":1,"featured_media":13741,"comment_status":"closed","ping_status":"open","sticky":false,"template":"","format":"standard","meta":{"ngg_post_thumbnail":0,"footnotes":""},"categories":[2],"tags":[],"class_list":["post-13739","post","type-post","status-publish","format-standard","has-post-thumbnail","hentry","category-noticias"],"aioseo_notices":[],"gutentor_comment":0,"_links":{"self":[{"href":"https:\/\/sobedrj.com.br\/novo\/wp-json\/wp\/v2\/posts\/13739","targetHints":{"allow":["GET"]}}],"collection":[{"href":"https:\/\/sobedrj.com.br\/novo\/wp-json\/wp\/v2\/posts"}],"about":[{"href":"https:\/\/sobedrj.com.br\/novo\/wp-json\/wp\/v2\/types\/post"}],"author":[{"embeddable":true,"href":"https:\/\/sobedrj.com.br\/novo\/wp-json\/wp\/v2\/users\/1"}],"replies":[{"embeddable":true,"href":"https:\/\/sobedrj.com.br\/novo\/wp-json\/wp\/v2\/comments?post=13739"}],"version-history":[{"count":4,"href":"https:\/\/sobedrj.com.br\/novo\/wp-json\/wp\/v2\/posts\/13739\/revisions"}],"predecessor-version":[{"id":13757,"href":"https:\/\/sobedrj.com.br\/novo\/wp-json\/wp\/v2\/posts\/13739\/revisions\/13757"}],"wp:featuredmedia":[{"embeddable":true,"href":"https:\/\/sobedrj.com.br\/novo\/wp-json\/wp\/v2\/media\/13741"}],"wp:attachment":[{"href":"https:\/\/sobedrj.com.br\/novo\/wp-json\/wp\/v2\/media?parent=13739"}],"wp:term":[{"taxonomy":"category","embeddable":true,"href":"https:\/\/sobedrj.com.br\/novo\/wp-json\/wp\/v2\/categories?post=13739"},{"taxonomy":"post_tag","embeddable":true,"href":"https:\/\/sobedrj.com.br\/novo\/wp-json\/wp\/v2\/tags?post=13739"}],"curies":[{"name":"wp","href":"https:\/\/api.w.org\/{rel}","templated":true}]}}