{"id":14070,"date":"2022-03-21T10:47:27","date_gmt":"2022-03-21T13:47:27","guid":{"rendered":"https:\/\/sobedrj.com.br\/novo\/?p=14070"},"modified":"2022-03-22T10:46:00","modified_gmt":"2022-03-22T13:46:00","slug":"projeto-proibe-hospitais-publicos-e-filantropicos-de-terceirizarem-exames-laboratoriais-e-de-imagem","status":"publish","type":"post","link":"https:\/\/sobedrj.com.br\/novo\/2022\/03\/21\/projeto-proibe-hospitais-publicos-e-filantropicos-de-terceirizarem-exames-laboratoriais-e-de-imagem\/","title":{"rendered":"Projeto pro\u00edbe hospitais p\u00fablicos e filantr\u00f3picos de terceirizarem exames laboratoriais e de imagem"},"content":{"rendered":"<p>fonte: Ag\u00eancia C\u00e2mara de Not\u00edcias<\/p>\n<p>O\u00a0<a href=\"https:\/\/mkt.nkconsultores.com.br\/go\/6d-572c5e-d6f1445cb-5-7589989d07333fcafffe3983-60894e1eUWrebKYGe5A4e71j5N\" target=\"_blank\" rel=\"noopener noreferrer\" data-auth=\"NotApplicable\" data-linkindex=\"2\">Projeto de Lei 320\/22<\/a>\u00a0pro\u00edbe a terceiriza\u00e7\u00e3o dos servi\u00e7os de diagn\u00f3stico por imagem e de exames laboratoriais em hospitais p\u00fablicos e filantr\u00f3picos do Pa\u00eds. O texto tramita na C\u00e2mara dos Deputados.<\/p>\n<p>Segundo a proposta, em vez da terceiriza\u00e7\u00e3o desses servi\u00e7os, os gestores p\u00fablicos encarregados da administra\u00e7\u00e3o hospitalar dever\u00e3o ofertar esses procedimentos usando a estrutura f\u00edsica, os equipamentos e os recursos humanos das pr\u00f3prias unidades.<\/p>\n<p>Autor do projeto, o deputado Marcelo Brum (Uni\u00e3o-RS) lembrou que a Reforma Trabalhista de 2017 alterou profundamente as rela\u00e7\u00f5es de trabalho no Brasil. \u201cUm dos pontos mais controversos foi justamente a possibilidade de terceiriza\u00e7\u00e3o da atividade-fim da empresa\u201d, observou. \u2019O terceirizado assume atividades que poderiam, em tese e em princ\u00edpio, ser realizadas pelos recursos humanos da pr\u00f3pria administra\u00e7\u00e3o p\u00fablica\u201d, acrescentou.<\/p>\n<p>Na justificativa que acompanha o projeto, ele cita ainda auditorias do Tribunal de Contas da Uni\u00e3o (TCU) para avaliar a regularidade de contratos firmados entre governos municipais e entidades privadas para a contrata\u00e7\u00e3o de profissionais de sa\u00fade com recursos do Sistema \u00danico de Sa\u00fade (SUS).<\/p>\n<p>\u201cO TCU determinou que o Minist\u00e9rio da Sa\u00fade oriente todos os entes federativos a observarem diretrizes espec\u00edficas, como a elabora\u00e7\u00e3o de estudos que demonstrem as vantagens da terceiriza\u00e7\u00e3o em rela\u00e7\u00e3o \u00e0 contrata\u00e7\u00e3o direta\u201d, disse. \u201cA terceiriza\u00e7\u00e3o que ora combatemos se tornou regra nos hospitais p\u00fablicos e filantr\u00f3picos, quando deveria ser adotada apenas sob robusta fundamenta\u00e7\u00e3o\u201d, finalizou Brum.<\/p>\n<p><strong>Tramita\u00e7\u00e3o<\/strong><br aria-hidden=\"true\" \/>O projeto ser\u00e1 analisado, em\u00a0car\u00e1ter conclusivo, pelas comiss\u00f5es de Seguridade Social e Fam\u00edlia; de Trabalho, de Administra\u00e7\u00e3o e Servi\u00e7o P\u00fablico; de Desenvolvimento Econ\u00f4mico, Ind\u00fastria, Com\u00e9rcio e Servi\u00e7os; e de Constitui\u00e7\u00e3o e Justi\u00e7a e de Cidadania.<\/p>\n","protected":false},"excerpt":{"rendered":"<p>fonte: Ag\u00eancia C\u00e2mara de Not\u00edcias O\u00a0Projeto de Lei 320\/22\u00a0pro\u00edbe a terceiriza\u00e7\u00e3o dos servi\u00e7os de diagn\u00f3stico por imagem e de exames laboratoriais em hospitais p\u00fablicos e filantr\u00f3picos do Pa\u00eds. O texto tramita na C\u00e2mara dos Deputados. Segundo a proposta, em vez da terceiriza\u00e7\u00e3o desses servi\u00e7os, os gestores p\u00fablicos encarregados da administra\u00e7\u00e3o hospitalar dever\u00e3o ofertar esses procedimentos [&hellip;]<\/p>\n","protected":false},"author":1,"featured_media":14072,"comment_status":"closed","ping_status":"closed","sticky":false,"template":"","format":"standard","meta":{"ngg_post_thumbnail":0,"footnotes":""},"categories":[2],"tags":[],"class_list":["post-14070","post","type-post","status-publish","format-standard","has-post-thumbnail","hentry","category-noticias"],"aioseo_notices":[],"gutentor_comment":0,"_links":{"self":[{"href":"https:\/\/sobedrj.com.br\/novo\/wp-json\/wp\/v2\/posts\/14070","targetHints":{"allow":["GET"]}}],"collection":[{"href":"https:\/\/sobedrj.com.br\/novo\/wp-json\/wp\/v2\/posts"}],"about":[{"href":"https:\/\/sobedrj.com.br\/novo\/wp-json\/wp\/v2\/types\/post"}],"author":[{"embeddable":true,"href":"https:\/\/sobedrj.com.br\/novo\/wp-json\/wp\/v2\/users\/1"}],"replies":[{"embeddable":true,"href":"https:\/\/sobedrj.com.br\/novo\/wp-json\/wp\/v2\/comments?post=14070"}],"version-history":[{"count":1,"href":"https:\/\/sobedrj.com.br\/novo\/wp-json\/wp\/v2\/posts\/14070\/revisions"}],"predecessor-version":[{"id":14073,"href":"https:\/\/sobedrj.com.br\/novo\/wp-json\/wp\/v2\/posts\/14070\/revisions\/14073"}],"wp:featuredmedia":[{"embeddable":true,"href":"https:\/\/sobedrj.com.br\/novo\/wp-json\/wp\/v2\/media\/14072"}],"wp:attachment":[{"href":"https:\/\/sobedrj.com.br\/novo\/wp-json\/wp\/v2\/media?parent=14070"}],"wp:term":[{"taxonomy":"category","embeddable":true,"href":"https:\/\/sobedrj.com.br\/novo\/wp-json\/wp\/v2\/categories?post=14070"},{"taxonomy":"post_tag","embeddable":true,"href":"https:\/\/sobedrj.com.br\/novo\/wp-json\/wp\/v2\/tags?post=14070"}],"curies":[{"name":"wp","href":"https:\/\/api.w.org\/{rel}","templated":true}]}}