{"id":1428,"date":"2015-10-26T11:08:44","date_gmt":"2015-10-26T11:08:44","guid":{"rendered":"http:\/\/sobedrj.com.br\/novo\/?p=1428"},"modified":"2015-11-03T19:14:25","modified_gmt":"2015-11-03T19:14:25","slug":"91-dos-brasileiros-querem-exame-da-ordem-para-medicos-mostra-pesquisa","status":"publish","type":"post","link":"https:\/\/sobedrj.com.br\/novo\/2015\/10\/26\/91-dos-brasileiros-querem-exame-da-ordem-para-medicos-mostra-pesquisa\/","title":{"rendered":"91% dos brasileiros querem &#8216;exame da ordem&#8217; para m\u00e9dicos, mostra pesquisa"},"content":{"rendered":"<p>fonte: Folha de SP<\/p>\n<p>Nove em cada dez brasileiros desejam que os m\u00e9dicos passem por um &#8220;exame da ordem&#8221; antes de ingressar no mercado de trabalho, como ocorre hoje com advogados.<\/p>\n<p>\u00c9 o que revela pesquisa Datafolha com 4.060 pessoas de todas as regi\u00f5es do pa\u00eds, encomendada pela APM (Associa\u00e7\u00e3o Paulista de Medicina). A margem de erro \u00e9 de dois pontos percentuais, para mais ou para menos.<\/p>\n<p>Segundo o levantamento, s\u00f3 22% dos entrevistados consideram que a qualifica\u00e7\u00e3o dos m\u00e9dicos tenha melhorado nos \u00faltimos anos.<\/p>\n<figure id=\"attachment_1429\" aria-describedby=\"caption-attachment-1429\" style=\"width: 639px\" class=\"wp-caption aligncenter\"><img loading=\"lazy\" decoding=\"async\" class=\"size-full wp-image-1429\" src=\"http:\/\/sobedrj.com.br\/novo\/wp-content\/uploads\/2015\/10\/graf_1Out.jpg\" alt=\"A pesquisa entrevistou 4.060 pessoas acima de 16 anos, entre os dias 1\u00b0 e 8 de agosto,  em todo o pa\u00eds. A margem de erro \u00e9 de dois pontos percentuais para cima ou para baixo.\" width=\"639\" height=\"419\" srcset=\"https:\/\/sobedrj.com.br\/novo\/wp-content\/uploads\/2015\/10\/graf_1Out.jpg 639w, https:\/\/sobedrj.com.br\/novo\/wp-content\/uploads\/2015\/10\/graf_1Out-300x197.jpg 300w, https:\/\/sobedrj.com.br\/novo\/wp-content\/uploads\/2015\/10\/graf_1Out-600x393.jpg 600w\" sizes=\"auto, (max-width: 639px) 100vw, 639px\" \/><figcaption id=\"caption-attachment-1429\" class=\"wp-caption-text\">A pesquisa entrevistou 4.060 pessoas acima de 16 anos, entre os dias 1\u00b0 e 8 de agosto,<br \/>em todo o pa\u00eds. A margem de erro \u00e9 de dois pontos percentuais para cima ou para baixo.<\/figcaption><\/figure>\n<p>A percep\u00e7\u00e3o de piora tende a ser maior nas regi\u00f5es metropolitanas do que no interior (42% contra 31%).<\/p>\n<p>A aplica\u00e7\u00e3o de um exame como o da ordem n\u00e3o \u00e9 consenso. O Minist\u00e9rio da Educa\u00e7\u00e3o e o CFM (Conselho Federal de Medicina) defendem que os alunos sejam avaliados periodicamente durante o curso, n\u00e3o no final.<\/p>\n<p>O Cremesp (Conselho Regional de Medicina do Estado de S\u00e3o Paulo) aplica h\u00e1 11 anos um teste para os rec\u00e9m-formados em medicina no Estado de S\u00e3o Paulo. Nesse per\u00edodo, a taxa de reprova\u00e7\u00e3o tem sido acima de 50%.<\/p>\n<p>Apesar de ser exame obrigat\u00f3rio para obten\u00e7\u00e3o do registro do conselho, mesmo quem vai mal nele n\u00e3o \u00e9 impedido de exercer a profiss\u00e3o. O conselho n\u00e3o pode, por for\u00e7a de lei, condicionar o registro ao resultado da prova. Para isso, seria preciso alterar a legisla\u00e7\u00e3o federal.<\/p>\n<p><img loading=\"lazy\" decoding=\"async\" class=\"aligncenter size-full wp-image-1430\" src=\"http:\/\/sobedrj.com.br\/novo\/wp-content\/uploads\/2015\/10\/graf_1out32.jpg\" alt=\"graf_1out32\" width=\"639\" height=\"384\" srcset=\"https:\/\/sobedrj.com.br\/novo\/wp-content\/uploads\/2015\/10\/graf_1out32.jpg 639w, https:\/\/sobedrj.com.br\/novo\/wp-content\/uploads\/2015\/10\/graf_1out32-300x180.jpg 300w, https:\/\/sobedrj.com.br\/novo\/wp-content\/uploads\/2015\/10\/graf_1out32-600x361.jpg 600w\" sizes=\"auto, (max-width: 639px) 100vw, 639px\" \/><\/p>\n<p>No Estado de S\u00e3o Paulo, v\u00e1rias institui\u00e7\u00f5es passaram a utilizar o exame do Cremesp como crit\u00e9rio para o ingresso na resid\u00eancia m\u00e9dica e no mercado de trabalho.<\/p>\n<p>&#8220;\u00c9 um exame reconhecido nacionalmente, apoiado pela popula\u00e7\u00e3o e que tem colocado na deriva os conselhos m\u00e9dicos contra&#8221;, afirma o cardiologista Br\u00e1ulio Luna Filho, presidente do Cremesp.<\/p>\n<p>Para Florisval Mein\u00e3o, presidente da APM, o exame paulista tem mostrado que a forma\u00e7\u00e3o m\u00e9dica \u00e9 um problema muito s\u00e9rio. &#8220;E que tende a piorar com a abertura desenfreada de novas escolas m\u00e9dicas sem as menores condi\u00e7\u00f5es&#8221;, afirma.<\/p>\n<p>Para ele, \u00e9 urgente que o pa\u00eds institua um exame no final do curso, a exemplo do que fazem os Estados Unidos e pa\u00edses da Europa.<\/p>\n<p><b>MINIST\u00c9RIO<\/b><\/p>\n<p>Em nota, o Minist\u00e9rio da Educa\u00e7\u00e3o informou que, a partir do segundo semestre de 2016, todos os estudantes de medicina do pa\u00eds dever\u00e3o realizar uma prova progressiva no 2\u00ba, 4\u00ba e 6\u00ba anos.<\/p>\n<p>&#8220;Os exames terminais [como o do Cremesp] responsabilizam unicamente o estudante por eventuais problemas no aprendizado, n\u00e3o gerando impacto para os processos de avalia\u00e7\u00e3o da institui\u00e7\u00e3o de ensino. Os exames de progresso resolvem o problema na fonte.&#8221;<\/p>\n<p><img loading=\"lazy\" decoding=\"async\" class=\"aligncenter size-full wp-image-1431\" src=\"http:\/\/sobedrj.com.br\/novo\/wp-content\/uploads\/2015\/10\/graf_outr3.jpg\" alt=\"graf_outr3\" width=\"631\" height=\"390\" srcset=\"https:\/\/sobedrj.com.br\/novo\/wp-content\/uploads\/2015\/10\/graf_outr3.jpg 631w, https:\/\/sobedrj.com.br\/novo\/wp-content\/uploads\/2015\/10\/graf_outr3-300x185.jpg 300w, https:\/\/sobedrj.com.br\/novo\/wp-content\/uploads\/2015\/10\/graf_outr3-600x371.jpg 600w\" sizes=\"auto, (max-width: 631px) 100vw, 631px\" \/><\/p>\n<p>Eles tamb\u00e9m ser\u00e3o crit\u00e9rio classificat\u00f3rio para a sele\u00e7\u00e3o dos programas de resid\u00eancia m\u00e9dica, com previs\u00e3o de acesso a partir de 2019.<\/p>\n<p>O minist\u00e9rio diz que os cursos de medicina do pa\u00eds tamb\u00e9m passar\u00e3o por processos de avalia\u00e7\u00e3o externa a partir de mar\u00e7o de 2016.<\/p>\n","protected":false},"excerpt":{"rendered":"<p>fonte: Folha de SP Nove em cada dez brasileiros desejam que os m\u00e9dicos passem por um &#8220;exame da ordem&#8221; antes de ingressar no mercado de trabalho, como ocorre hoje com advogados. \u00c9 o que revela pesquisa Datafolha com 4.060 pessoas de todas as regi\u00f5es do pa\u00eds, encomendada pela APM (Associa\u00e7\u00e3o Paulista de Medicina). A margem [&hellip;]<\/p>\n","protected":false},"author":1,"featured_media":0,"comment_status":"closed","ping_status":"open","sticky":false,"template":"","format":"standard","meta":{"ngg_post_thumbnail":0,"footnotes":""},"categories":[2],"tags":[],"class_list":["post-1428","post","type-post","status-publish","format-standard","hentry","category-noticias"],"aioseo_notices":[],"gutentor_comment":0,"_links":{"self":[{"href":"https:\/\/sobedrj.com.br\/novo\/wp-json\/wp\/v2\/posts\/1428","targetHints":{"allow":["GET"]}}],"collection":[{"href":"https:\/\/sobedrj.com.br\/novo\/wp-json\/wp\/v2\/posts"}],"about":[{"href":"https:\/\/sobedrj.com.br\/novo\/wp-json\/wp\/v2\/types\/post"}],"author":[{"embeddable":true,"href":"https:\/\/sobedrj.com.br\/novo\/wp-json\/wp\/v2\/users\/1"}],"replies":[{"embeddable":true,"href":"https:\/\/sobedrj.com.br\/novo\/wp-json\/wp\/v2\/comments?post=1428"}],"version-history":[{"count":1,"href":"https:\/\/sobedrj.com.br\/novo\/wp-json\/wp\/v2\/posts\/1428\/revisions"}],"predecessor-version":[{"id":1432,"href":"https:\/\/sobedrj.com.br\/novo\/wp-json\/wp\/v2\/posts\/1428\/revisions\/1432"}],"wp:attachment":[{"href":"https:\/\/sobedrj.com.br\/novo\/wp-json\/wp\/v2\/media?parent=1428"}],"wp:term":[{"taxonomy":"category","embeddable":true,"href":"https:\/\/sobedrj.com.br\/novo\/wp-json\/wp\/v2\/categories?post=1428"},{"taxonomy":"post_tag","embeddable":true,"href":"https:\/\/sobedrj.com.br\/novo\/wp-json\/wp\/v2\/tags?post=1428"}],"curies":[{"name":"wp","href":"https:\/\/api.w.org\/{rel}","templated":true}]}}