{"id":14360,"date":"2022-04-05T07:59:30","date_gmt":"2022-04-05T10:59:30","guid":{"rendered":"https:\/\/sobedrj.com.br\/novo\/?p=14360"},"modified":"2022-04-05T10:36:23","modified_gmt":"2022-04-05T13:36:23","slug":"jose-hiran-gallo-e-o-novo-presidente-do-cfm","status":"publish","type":"post","link":"https:\/\/sobedrj.com.br\/novo\/2022\/04\/05\/jose-hiran-gallo-e-o-novo-presidente-do-cfm\/","title":{"rendered":"Jos\u00e9 Hiran Gallo \u00e9 o novo presidente do CFM"},"content":{"rendered":"<p>fonte: <a href=\"https:\/\/portal.cfm.org.br\/noticias\/jose-hiran-gallo-e-o-novo-presidente-do-cfm\/\" target=\"_blank\" rel=\"noopener\">CFM<\/a><\/p>\n<p>Rondoniense filho do Seu Adalberto e da Dona Maria In\u00e1cia, Jos\u00e9 Hiran da Silva Gallo passou a inf\u00e2ncia \u00e0 beira do Rio Madeira, formou-se m\u00e9dico na capital do Par\u00e1 em 1979 e, neste 1\u00ba de abril de 2022, tomou posse como presidente eleito do Conselho Federal de Medicina (CFM).<\/p>\n<p>\u201cO que acontece hoje \u00e9 resultado de tudo aquilo que vivi, de uma trajet\u00f3ria constru\u00edda com muitos dias e noites de estudo e de trabalho, de conversas e de sil\u00eancios, de choro e de alegria, de retrocessos, avan\u00e7os e longas esperas\u201d, afirmou Hiran Gallo em seu discurso de posse, realizada em Bras\u00edlia, na presen\u00e7a de expoentes da hist\u00f3ria da medicina brasileira.<\/p>\n<p>O presidente destacou que j\u00e1 era aluno de medicina quando encontrou as paix\u00f5es de sua vida: a ginecologia e obstetr\u00edcia, sua pr\u00e1tica di\u00e1ria por mais de 40 anos; e sua esposa, \u00c9lida Maria. Pedindo licen\u00e7a para quebrar o protocolo, Gallo a convidou ao palco e lhe presenteou com flores. \u201cEla me deu uma fam\u00edlia e tem apoiado cada passo que dou. Homenageio essa mulher e m\u00e9dica, pois sem ela nada disso estaria acontecendo. Ela \u00e9 minha colega de profiss\u00e3o, minha esposa, minha companheira de vida\u201d.<\/p>\n<p>Destacando que dedica\u00e7\u00e3o, disciplina, responsabilidade e \u00e9tica s\u00e3o valores e princ\u00edpios honrados pelo Plen\u00e1rio do CFM, Jos\u00e9 Hiran Gallo pontuou n\u00e3o ter d\u00favidas de que \u201ctodos os 55 conselheiros, independentemente de cargos ou fun\u00e7\u00f5es, reafirmam publicamente seus compromissos com a medicina, a sa\u00fade e a popula\u00e7\u00e3o\u201d.<\/p>\n<p><strong>Reconhecimento<\/strong>\u00a0\u2013 Gallo agradeceu a confian\u00e7a dos m\u00e9dicos de Rond\u00f4nia, que durante 20 anos o escolheram para represent\u00e1-los no CFM, e destacou a import\u00e2ncia dos 27 Conselhos Regionais de Medicina (CRMs), \u201cpe\u00e7as fundamentais para que os projetos de valoriza\u00e7\u00e3o da medicina e da sa\u00fade no Pa\u00eds alcancem pleno \u00eaxito\u201d.<\/p>\n<p>As entidades m\u00e9dicas nacionais e as 55 sociedades de especialidades m\u00e9dicas tamb\u00e9m foram citadas pelo novo presidente.<\/p>\n<p>\u201c\u00c9 preciso interagir. Uma institui\u00e7\u00e3o que se fecha em suas pr\u00f3prias convic\u00e7\u00f5es n\u00e3o cresce. As entidades podem estar certas que encontrar\u00e3o no CFM um aliado disposto ao di\u00e1logo e \u00e0 constru\u00e7\u00e3o de uma agenda convergente em torno de temas que sejam de import\u00e2ncia aos diferentes p\u00fablicos que transitam pelo universo da sa\u00fade e da medicina\u201d, destacou Hiran Gallo, concluindo que, \u201ccom amplo respeito \u00e0s especificidades das institui\u00e7\u00f5es, previstas em lei e regramentos, o CFM quer somar\u201d.<\/p>\n<p>A nova diretoria do CFM inicia sua gest\u00e3o neste 1\u00ba de abril de 2022. \u201c912 dias nos separam do fim desta gest\u00e3o e temos a convic\u00e7\u00e3o de que, neste per\u00edodo, valores e princ\u00edpios que citei ser\u00e3o honrados pelo nosso Plen\u00e1rio, ecoando o poder de for\u00e7as positivas que se unem para derrotarmos nossos inimigos comuns: a doen\u00e7a, a desigualdade, a injusti\u00e7a, os abusos de toda ordem, o descaso com a sa\u00fade e a desvaloriza\u00e7\u00e3o da medicina\u201d. Assim, Jos\u00e9 Hiran da Silva Gallo concluiu seu discurso de posse enquanto presidente do CFM.<\/p>\n","protected":false},"excerpt":{"rendered":"<p>fonte: CFM Rondoniense filho do Seu Adalberto e da Dona Maria In\u00e1cia, Jos\u00e9 Hiran da Silva Gallo passou a inf\u00e2ncia \u00e0 beira do Rio Madeira, formou-se m\u00e9dico na capital do Par\u00e1 em 1979 e, neste 1\u00ba de abril de 2022, tomou posse como presidente eleito do Conselho Federal de Medicina (CFM). \u201cO que acontece hoje [&hellip;]<\/p>\n","protected":false},"author":1,"featured_media":14362,"comment_status":"closed","ping_status":"closed","sticky":false,"template":"","format":"standard","meta":{"ngg_post_thumbnail":0,"footnotes":""},"categories":[2],"tags":[],"class_list":["post-14360","post","type-post","status-publish","format-standard","has-post-thumbnail","hentry","category-noticias"],"aioseo_notices":[],"gutentor_comment":0,"_links":{"self":[{"href":"https:\/\/sobedrj.com.br\/novo\/wp-json\/wp\/v2\/posts\/14360","targetHints":{"allow":["GET"]}}],"collection":[{"href":"https:\/\/sobedrj.com.br\/novo\/wp-json\/wp\/v2\/posts"}],"about":[{"href":"https:\/\/sobedrj.com.br\/novo\/wp-json\/wp\/v2\/types\/post"}],"author":[{"embeddable":true,"href":"https:\/\/sobedrj.com.br\/novo\/wp-json\/wp\/v2\/users\/1"}],"replies":[{"embeddable":true,"href":"https:\/\/sobedrj.com.br\/novo\/wp-json\/wp\/v2\/comments?post=14360"}],"version-history":[{"count":1,"href":"https:\/\/sobedrj.com.br\/novo\/wp-json\/wp\/v2\/posts\/14360\/revisions"}],"predecessor-version":[{"id":14363,"href":"https:\/\/sobedrj.com.br\/novo\/wp-json\/wp\/v2\/posts\/14360\/revisions\/14363"}],"wp:featuredmedia":[{"embeddable":true,"href":"https:\/\/sobedrj.com.br\/novo\/wp-json\/wp\/v2\/media\/14362"}],"wp:attachment":[{"href":"https:\/\/sobedrj.com.br\/novo\/wp-json\/wp\/v2\/media?parent=14360"}],"wp:term":[{"taxonomy":"category","embeddable":true,"href":"https:\/\/sobedrj.com.br\/novo\/wp-json\/wp\/v2\/categories?post=14360"},{"taxonomy":"post_tag","embeddable":true,"href":"https:\/\/sobedrj.com.br\/novo\/wp-json\/wp\/v2\/tags?post=14360"}],"curies":[{"name":"wp","href":"https:\/\/api.w.org\/{rel}","templated":true}]}}