{"id":14389,"date":"2022-04-11T09:16:56","date_gmt":"2022-04-11T12:16:56","guid":{"rendered":"https:\/\/sobedrj.com.br\/novo\/?p=14389"},"modified":"2022-04-12T06:50:08","modified_gmt":"2022-04-12T09:50:08","slug":"governo-autoriza-contratacao-emergencial-para-hospitais-federais","status":"publish","type":"post","link":"https:\/\/sobedrj.com.br\/novo\/2022\/04\/11\/governo-autoriza-contratacao-emergencial-para-hospitais-federais\/","title":{"rendered":"Governo autoriza contrata\u00e7\u00e3o emergencial para hospitais federais"},"content":{"rendered":"<p>fonte: Ag\u00eancia Brasil<\/p>\n<p>Os minist\u00e9rios da Economia e da Sa\u00fade autorizaram a contrata\u00e7\u00e3o emergencial de 1.786 profissionais de sa\u00fade para atuar nos hospitais federais no Rio de Janeiro. A portaria foi publicada no\u00a0<a href=\"http:\/\/xn--dirio%20oficial%20da%20unio-xhc6f\/\" target=\"_blank\" rel=\"noopener\"><em>Di\u00e1rio Oficial da Uni\u00e3o<\/em><\/a>.<img decoding=\"async\" src=\"https:\/\/agenciabrasil.ebc.com.br\/ebc.png?id=1452965&amp;o=node\" \/><img decoding=\"async\" src=\"https:\/\/agenciabrasil.ebc.com.br\/ebc.gif?id=1452965&amp;o=node\" \/><\/p>\n<p>Est\u00e3o previstas as contrata\u00e7\u00f5es de 326 m\u00e9dicos, 326 enfermeiros, 816 t\u00e9cnicos de enfermagem e 218 profissionais de gest\u00e3o, manuten\u00e7\u00e3o, apoio t\u00e9cnico e diagn\u00f3stico.<\/p>\n<p>Os contratos\u00a0<span id=\"OBJ_PREFIX_DWT424_com_zimbra_date\" role=\"link\">ter<\/span>\u00e3o dura\u00e7\u00e3o de at\u00e9 seis meses, mas podem ser prorrogados por, no m\u00e1ximo, mais 18 meses, \u201cpelo prazo necess\u00e1rio \u00e0 supera\u00e7\u00e3o da situa\u00e7\u00e3o de emerg\u00eancia em sa\u00fade p\u00fablica\u201d.<\/p>\n","protected":false},"excerpt":{"rendered":"<p>fonte: Ag\u00eancia Brasil Os minist\u00e9rios da Economia e da Sa\u00fade autorizaram a contrata\u00e7\u00e3o emergencial de 1.786 profissionais de sa\u00fade para atuar nos hospitais federais no Rio de Janeiro. A portaria foi publicada no\u00a0Di\u00e1rio Oficial da Uni\u00e3o. Est\u00e3o previstas as contrata\u00e7\u00f5es de 326 m\u00e9dicos, 326 enfermeiros, 816 t\u00e9cnicos de enfermagem e 218 profissionais de gest\u00e3o, manuten\u00e7\u00e3o, [&hellip;]<\/p>\n","protected":false},"author":1,"featured_media":337,"comment_status":"closed","ping_status":"closed","sticky":false,"template":"","format":"standard","meta":{"ngg_post_thumbnail":0,"footnotes":""},"categories":[2],"tags":[],"class_list":["post-14389","post","type-post","status-publish","format-standard","has-post-thumbnail","hentry","category-noticias"],"aioseo_notices":[],"gutentor_comment":0,"_links":{"self":[{"href":"https:\/\/sobedrj.com.br\/novo\/wp-json\/wp\/v2\/posts\/14389","targetHints":{"allow":["GET"]}}],"collection":[{"href":"https:\/\/sobedrj.com.br\/novo\/wp-json\/wp\/v2\/posts"}],"about":[{"href":"https:\/\/sobedrj.com.br\/novo\/wp-json\/wp\/v2\/types\/post"}],"author":[{"embeddable":true,"href":"https:\/\/sobedrj.com.br\/novo\/wp-json\/wp\/v2\/users\/1"}],"replies":[{"embeddable":true,"href":"https:\/\/sobedrj.com.br\/novo\/wp-json\/wp\/v2\/comments?post=14389"}],"version-history":[{"count":1,"href":"https:\/\/sobedrj.com.br\/novo\/wp-json\/wp\/v2\/posts\/14389\/revisions"}],"predecessor-version":[{"id":14391,"href":"https:\/\/sobedrj.com.br\/novo\/wp-json\/wp\/v2\/posts\/14389\/revisions\/14391"}],"wp:featuredmedia":[{"embeddable":true,"href":"https:\/\/sobedrj.com.br\/novo\/wp-json\/wp\/v2\/media\/337"}],"wp:attachment":[{"href":"https:\/\/sobedrj.com.br\/novo\/wp-json\/wp\/v2\/media?parent=14389"}],"wp:term":[{"taxonomy":"category","embeddable":true,"href":"https:\/\/sobedrj.com.br\/novo\/wp-json\/wp\/v2\/categories?post=14389"},{"taxonomy":"post_tag","embeddable":true,"href":"https:\/\/sobedrj.com.br\/novo\/wp-json\/wp\/v2\/tags?post=14389"}],"curies":[{"name":"wp","href":"https:\/\/api.w.org\/{rel}","templated":true}]}}