{"id":14460,"date":"2022-05-30T07:55:03","date_gmt":"2022-05-30T10:55:03","guid":{"rendered":"https:\/\/sobedrj.com.br\/novo\/?p=14460"},"modified":"2022-05-30T18:24:01","modified_gmt":"2022-05-30T21:24:01","slug":"artigo-a-vitoria-do-sus","status":"publish","type":"post","link":"https:\/\/sobedrj.com.br\/novo\/2022\/05\/30\/artigo-a-vitoria-do-sus\/","title":{"rendered":"ARTIGO: A vit\u00f3ria do SUS"},"content":{"rendered":"<p>fonte: <a href=\"https:\/\/www1.folha.uol.com.br\/colunas\/marcia-castro\/2022\/04\/a-vitoria-do-sus.shtml\" target=\"_blank\" rel=\"noopener\">Folha de SP<\/a><\/p>\n<p>por Marcia Castro, professora de demografia e chefe do Departamento de Sa\u00fade Global e Popula\u00e7\u00e3o da Escola de Sa\u00fade P\u00fablica de Harvard<\/p>\n<p>O\u00a0Sistema \u00danico de Sa\u00fade (SUS), uma conquista de movimentos sociais, \u00e9 um dos maiores mecanismos de redu\u00e7\u00e3o de desigualdades em sa\u00fade que o Brasil j\u00e1 teve.<\/p>\n<p>Ao longo de 30 anos, o SUS teve papel fundamental na redu\u00e7\u00e3o da mortalidade infantil, de mortes e hospitaliza\u00e7\u00f5es evit\u00e1veis, de iniquidades raciais na mortalidade,\u00a0de desigualdades no acesso a aten\u00e7\u00e3o prim\u00e1ria, na produ\u00e7\u00e3o de vacinas e imuniza\u00e7\u00e3o da popula\u00e7\u00e3o, e na distribui\u00e7\u00e3o de medicamentos sem custo, dentre outras conquistas.<\/p>\n<p>Desde sua cria\u00e7\u00e3o, o financiamento do SUS n\u00e3o tem sido ideal para permitir a universalidade prevista na Constitui\u00e7\u00e3o.<\/p>\n<p>A institui\u00e7\u00e3o do teto de gastos em 2016 imp\u00f4s dificuldades ainda maiores. Um estudo publicado na Revista Lancet em 2019 estimou que o\u00a0teto de gastos n\u00e3o s\u00f3 poderia reverter conquistas do SUS, mas que o retrocesso seria maior em \u00e1reas mais vulner\u00e1veis, o que aumentaria as desigualdades regionais em sa\u00fade. O que era uma estimativa virou realidade.<\/p>\n<p>A chegada da pandemia de Covid-19 no Brasil encontrou o SUS extremamente subfinanciado. A p\u00edfia atua\u00e7\u00e3o do governo federal na resposta \u00e0 pandemia tornou a situa\u00e7\u00e3o ainda pior. Entretanto, n\u00e3o fosse o SUS, muito mais do que 662 mil vidas teriam sido perdidas.<\/p>\n<p>O trabalho de cada pessoa que move a complexa m\u00e1quina de aten\u00e7\u00e3o \u00e0 sa\u00fade\u00a0(o que inclui portaria, triagem, seguran\u00e7a, transporte, lavanderia, limpeza, cozinha, atendimento m\u00e9dico, exames laboratoriais, enfermagem, cirurgia etc.) foi incans\u00e1vel. Muitos perderam a vida.<\/p>\n<p>Essa realidade do SUS foi brilhantemente retratada no document\u00e1rio Quando falta o ar. Produzido pelas irm\u00e3s Ana e Helena Petta,\u00a0o document\u00e1rio foi o vencedor do \u00c9 Tudo Verdade, o 27\u00ba. Festival Internacional de Document\u00e1rios, o mais importante pr\u00eamio do g\u00eanero na Am\u00e9rica Latina.<\/p>\n<p>A morte, t\u00e3o constante durante a pandemia, \u00e9 um tema presente no document\u00e1rio. A genialidade da obra, entretanto, est\u00e1 em ter trazido o dia a dia dos trabalhadores do SUS durante a pandemia, o saber ouvir e cuidar, a empatia e a solidariedade, os gestos de carinho, e a coragem de enfrentar o medo apesar da exaust\u00e3o emocional.<\/p>\n<p>Ao mostrar os desafios do atendimento a popula\u00e7\u00f5es ribeirinhas na Amaz\u00f4nia,\u00a0a rotina de uma UTI,\u00a0o trabalho em uma unidade prisional e a rotina de agentes comunit\u00e1rios de sa\u00fade e m\u00e9dicos de fam\u00edlia, o document\u00e1rio exp\u00f5e uma realidade ignorada por uma parcela da popula\u00e7\u00e3o brasileira.<\/p>\n<p>Quando falta o ar \u00e9 um relato humanizado da vit\u00f3ria de um sistema de sa\u00fade que remou contra a mar\u00e9 para salvar vidas, \u00e9 uma obra de arte e de conscientiza\u00e7\u00e3o social. Deve ser visto por todos que se importam com o Brasil.<\/p>\n<p>Durante a vacina\u00e7\u00e3o contra a Covid-19 foram comuns as\u00a0manifesta\u00e7\u00f5es de apoio ao SUS\u00a0com cartazes, declara\u00e7\u00f5es e postagens orgulhosas de cart\u00f5es de vacina\u00e7\u00e3o em redes sociais. Esse apoio precisa continuar.<\/p>\n<p>As cr\u00edticas, t\u00e3o comuns ao SUS antes da pandemia, deveriam se transformar em cobran\u00e7as da sociedade para que as lideran\u00e7as priorizem a aten\u00e7\u00e3o \u00e0 sa\u00fade com equidade e, portanto, fortale\u00e7am o SUS. Criticar sem buscar mudan\u00e7a \u00e9 in\u00fatil.<\/p>\n<p>Como disse a m\u00e9dica de sa\u00fade da fam\u00edlia Rafaela Pacheco, no document\u00e1rio Quando falta o ar, &#8220;O SUS \u00e9 uma pol\u00edtica de estado, n\u00e3o \u00e9 uma pol\u00edtica de governo.&#8221; Governos ruins v\u00eam e v\u00e3o. Causam retrocessos. Mas o SUS h\u00e1 de prevalecer. Caso contr\u00e1rio, 160 milh\u00f5es de pessoas no Brasil n\u00e3o teriam acesso a sa\u00fade.<\/p>\n<p>Que a import\u00e2ncia do SUS durante a pandemia, apesar das dificuldades, jamais seja esquecida. E que a necessidade de um sistema de sa\u00fade universal e de qualidade no<\/p>\n","protected":false},"excerpt":{"rendered":"<p>fonte: Folha de SP por Marcia Castro, professora de demografia e chefe do Departamento de Sa\u00fade Global e Popula\u00e7\u00e3o da Escola de Sa\u00fade P\u00fablica de Harvard O\u00a0Sistema \u00danico de Sa\u00fade (SUS), uma conquista de movimentos sociais, \u00e9 um dos maiores mecanismos de redu\u00e7\u00e3o de desigualdades em sa\u00fade que o Brasil j\u00e1 teve. Ao longo de [&hellip;]<\/p>\n","protected":false},"author":1,"featured_media":337,"comment_status":"closed","ping_status":"closed","sticky":false,"template":"","format":"standard","meta":{"ngg_post_thumbnail":0,"footnotes":""},"categories":[2],"tags":[],"class_list":["post-14460","post","type-post","status-publish","format-standard","has-post-thumbnail","hentry","category-noticias"],"aioseo_notices":[],"gutentor_comment":0,"_links":{"self":[{"href":"https:\/\/sobedrj.com.br\/novo\/wp-json\/wp\/v2\/posts\/14460","targetHints":{"allow":["GET"]}}],"collection":[{"href":"https:\/\/sobedrj.com.br\/novo\/wp-json\/wp\/v2\/posts"}],"about":[{"href":"https:\/\/sobedrj.com.br\/novo\/wp-json\/wp\/v2\/types\/post"}],"author":[{"embeddable":true,"href":"https:\/\/sobedrj.com.br\/novo\/wp-json\/wp\/v2\/users\/1"}],"replies":[{"embeddable":true,"href":"https:\/\/sobedrj.com.br\/novo\/wp-json\/wp\/v2\/comments?post=14460"}],"version-history":[{"count":1,"href":"https:\/\/sobedrj.com.br\/novo\/wp-json\/wp\/v2\/posts\/14460\/revisions"}],"predecessor-version":[{"id":14462,"href":"https:\/\/sobedrj.com.br\/novo\/wp-json\/wp\/v2\/posts\/14460\/revisions\/14462"}],"wp:featuredmedia":[{"embeddable":true,"href":"https:\/\/sobedrj.com.br\/novo\/wp-json\/wp\/v2\/media\/337"}],"wp:attachment":[{"href":"https:\/\/sobedrj.com.br\/novo\/wp-json\/wp\/v2\/media?parent=14460"}],"wp:term":[{"taxonomy":"category","embeddable":true,"href":"https:\/\/sobedrj.com.br\/novo\/wp-json\/wp\/v2\/categories?post=14460"},{"taxonomy":"post_tag","embeddable":true,"href":"https:\/\/sobedrj.com.br\/novo\/wp-json\/wp\/v2\/tags?post=14460"}],"curies":[{"name":"wp","href":"https:\/\/api.w.org\/{rel}","templated":true}]}}