{"id":14550,"date":"2022-05-09T08:16:53","date_gmt":"2022-05-09T11:16:53","guid":{"rendered":"https:\/\/sobedrj.com.br\/novo\/?p=14550"},"modified":"2022-05-09T12:51:15","modified_gmt":"2022-05-09T15:51:15","slug":"obesidade-deve-atingir-30-da-populacao-adulta-no-brasil-em-2030-aponta-projecao","status":"publish","type":"post","link":"https:\/\/sobedrj.com.br\/novo\/2022\/05\/09\/obesidade-deve-atingir-30-da-populacao-adulta-no-brasil-em-2030-aponta-projecao\/","title":{"rendered":"Obesidade deve atingir 30% da popula\u00e7\u00e3o adulta no Brasil em 2030, aponta proje\u00e7\u00e3o"},"content":{"rendered":"<p>fonte: <a href=\"https:\/\/www1.folha.uol.com.br\/equilibrioesaude\/2022\/05\/obesidade-deve-atingir-30-da-populacao-adulta-no-brasil-em-2030-aponta-projecao.shtml\" target=\"_blank\" rel=\"noopener\">Folha de SP<\/a><\/p>\n<p>O Brasil dever\u00e1 ter, em 2030, quase 30% de sua popula\u00e7\u00e3o adulta com obesidade. A proje\u00e7\u00e3o foi feita pela\u00a0<a href=\"https:\/\/www.worldobesity.org\/resources\/resource-library\/world-obesity-atlas-2022\" target=\"_blank\" rel=\"nofollow noopener\">World Obesity\u00a0<\/a><a href=\"https:\/\/www.worldobesity.org\/resources\/resource-library\/world-obesity-atlas-2022\" target=\"_blank\" rel=\"nofollow noopener\">Federation<\/a>, uma organiza\u00e7\u00e3o internacional voltada para redu\u00e7\u00e3o, preven\u00e7\u00e3o e tratamento da obesidade.<\/p>\n<p>Atualmente,\u00a0dados da\u00a0Vigitel\u00a0(Vigil\u00e2ncia de Fatores de Risco e Prote\u00e7\u00e3o para Doen\u00e7as Cr\u00f4nicas por Inqu\u00e9rito Telef\u00f4nico) de 2021, uma pesquisa feita pelo Minist\u00e9rio da Sa\u00fade, indicam que 22% da popula\u00e7\u00e3o brasileira adulta apresenta obesidade.<\/p>\n<p>A condi\u00e7\u00e3o \u00e9 calculada por meio do IMC (\u00edndice de massa corporal), que consiste na divis\u00e3o do peso pela altura ao quadrado.<\/p>\n<p>Quando o resultado fica entre 25 e 30, considera-se que h\u00e1 sobrepeso \u2014condi\u00e7\u00e3o que atinge 57% da popula\u00e7\u00e3o adulta no pa\u00eds, segundo a Vigitel.<\/p>\n<p>Se o IMC for maior que 30, o caso \u00e9 categorizado como obesidade.<\/p>\n<p>Os n\u00fameros da World Obesity Federation tamb\u00e9m apontaram que a condi\u00e7\u00e3o pode ser uma realidade para mais de 1 bilh\u00e3o de pessoas em todo o mundo at\u00e9 2030. Para efeito de compara\u00e7\u00e3o, em 2010 o n\u00famero era aproximadamente a metade.<\/p>\n<p>&#8220;Alguns fatores relativamente conhecidos para obesidade est\u00e3o impactando pa\u00edses que anteriormente n\u00e3o tinham altas taxas, como um largo acesso a\u00a0comidas muito industrializadas e de alimentos refinados&#8221;, diz Carlos Schiavon, cirurgi\u00e3o bari\u00e1trico e coordenador da ONG Obesidade Brasil.<\/p>\n<p>A federa\u00e7\u00e3o utilizou dados j\u00e1 consolidados pela OMS (Organiza\u00e7\u00e3o Mundial da Sa\u00fade) e do Banco Mundial, al\u00e9m de realizar as estimativas por meio do hist\u00f3rico de obesidade dos pa\u00edses.<\/p>\n<p>No Brasil, caso se confirme a proje\u00e7\u00e3o para 2030, o pa\u00eds vai se tornar a quarta na\u00e7\u00e3o com maior n\u00famero absoluto de pessoas com excesso de peso no mundo, atr\u00e1s somente dos Estados Unidos, da China e da \u00cdndia.<\/p>\n<div>\n<div id=\"infographic-1\" class=\"widget-infographic js-widget-infographic rs_skip\" data-url=\"https:\/\/arte.folha.uol.com.br\/graficos\/amK2e\/\" data-infographic-id=\"infographic-1\"><iframe loading=\"lazy\" src=\"https:\/\/arte.folha.uol.com.br\/graficos\/amK2e\/?initialWidth=630&amp;childId=infographic-1&amp;parentTitle=Fatia%20de%20adultos%20obesos%20no%20Brasil%20deve%20subir%20para%2030%25%20-%2008%2F05%2F2022%20-%20Equil%C3%ADbrio%20e%20Sa%C3%BAde%20-%20Folha&amp;parentUrl=https%3A%2F%2Fwww1.folha.uol.com.br%2Fequilibrioesaude%2F2022%2F05%2Fobesidade-deve-atingir-30-da-populacao-adulta-no-brasil-em-2030-aponta-projecao.shtml\" width=\"100%\" height=\"428px\" frameborder=\"0\" marginheight=\"0\" scrolling=\"no\" data-mce-fragment=\"1\"><\/iframe><\/div>\n<\/div>\n<p>A poss\u00edvel preval\u00eancia de 30% da condi\u00e7\u00e3o em toda a popula\u00e7\u00e3o adulta brasileira foi categorizada como alta pela federa\u00e7\u00e3o. Outras regi\u00f5es, no entanto, chegam a percentuais muito maiores, como a Samoa Americana, que, em oito anos, poder\u00e1 ter quase 70% da sua popula\u00e7\u00e3o com obesidade.<\/p>\n<p>&#8220;O \u00edndice no Brasil \u00e9 muito alto. Comparativamente, est\u00e1 um pouco melhor, mas continua sendo muito alto&#8221;, afirma Schiavon.<\/p>\n<p>As estimativas tamb\u00e9m conseguiram identificar a diferen\u00e7a em rela\u00e7\u00e3o a g\u00eanero. No total, conforme a proje\u00e7\u00e3o, a maior parcela de pessoas com obesidade no pa\u00eds seriam as mulheres, algo\u00a0j\u00e1 reconhecido pela literatura m\u00e9dica.<\/p>\n<p>&#8220;Se formos ver o n\u00famero de cirurgias bari\u00e1tricas, s\u00e3o tr\u00eas mulheres operadas para cada homem. Ent\u00e3o realmente h\u00e1 uma incid\u00eancia e preval\u00eancia maior em mulheres comparada a homens&#8221; afirma Ricardo Cohen, coordenador do Centro de Obesidade e Diabetes do Hospital Alem\u00e3o Oswaldo Cruz.<\/p>\n<p>Segundo ele, o quadro pode ter rela\u00e7\u00e3o com aspectos gen\u00e9ticos. Isso ainda est\u00e1 sendo investigado e pode ser de extrema import\u00e2ncia para preven\u00e7\u00e3o e tratamento da condi\u00e7\u00e3o, j\u00e1 que, segundo o m\u00e9dico, &#8220;sabemos que o grande fundamento da obesidade \u00e9 gen\u00e9tico&#8221;.<\/p>\n<div>\n<div id=\"infographic-2\" class=\"widget-infographic js-widget-infographic rs_skip\" data-url=\"https:\/\/arte.folha.uol.com.br\/graficos\/CQIMI\/\" data-infographic-id=\"infographic-2\"><iframe loading=\"lazy\" src=\"https:\/\/arte.folha.uol.com.br\/graficos\/CQIMI\/?initialWidth=630&amp;childId=infographic-2&amp;parentTitle=Fatia%20de%20adultos%20obesos%20no%20Brasil%20deve%20subir%20para%2030%25%20-%2008%2F05%2F2022%20-%20Equil%C3%ADbrio%20e%20Sa%C3%BAde%20-%20Folha&amp;parentUrl=https%3A%2F%2Fwww1.folha.uol.com.br%2Fequilibrioesaude%2F2022%2F05%2Fobesidade-deve-atingir-30-da-populacao-adulta-no-brasil-em-2030-aponta-projecao.shtml\" width=\"100%\" height=\"455px\" frameborder=\"0\" marginheight=\"0\" scrolling=\"no\" data-mce-fragment=\"1\"><\/iframe><\/div>\n<\/div>\n<p>Os problemas de ter um maior n\u00famero de pessoas obesas impactam diferentes facetas da sociedade, como no desenvolvimento de diabetes, hipertens\u00e3o e colesterol alto.<\/p>\n<p>Esse cen\u00e1rio reflete diretamente na situa\u00e7\u00e3o econ\u00f4mica dos pa\u00edses, tanto em rela\u00e7\u00e3o aos gastos no tratamento das doen\u00e7as como na perda de capacidade produtiva.<\/p>\n<p>Nesse caso, a proje\u00e7\u00e3o realizada pela organiza\u00e7\u00e3o tamb\u00e9m se debru\u00e7ou sobre esse ponto. Para entender esses efeitos, os pesquisadores observaram os custos diretos e os indiretos que o excesso de peso acarreta.<\/p>\n<p>Aqueles chamados diretos dizem respeito \u00e0s despesas tidas no tratamento da obesidade e das\u00a0doen\u00e7as decorrentes dela, como diabetes, mas tamb\u00e9m \u00e0s relacionadas ao processo de busca de servi\u00e7o de sa\u00fade, como quando ocorre viagens para atendimento m\u00e9dico.<\/p>\n<p>Os custos indiretos referem-se \u00e0 perda de capacidade produtiva das pessoas obesas e \u00e0s mortes prematuras relacionadas \u00e0 condi\u00e7\u00e3o de excesso de peso.<\/p>\n<p>Com esses pontos definidos, foi mensurado que o Brasil iria mais do que quadruplicar seus custos envolvendo sobrepeso e obesidade. Estima-se que o custo total alcan\u00e7ou US$ 39 bilh\u00f5es em 2019. A proje\u00e7\u00e3o \u00e9 que subiria para US$ 181 bilh\u00f5es em 2060.<\/p>\n<p>Al\u00e9m dos adultos, a proje\u00e7\u00e3o observou a obesidade em crian\u00e7as e adolescentes, que deve ter um incremento de quase 100 milh\u00f5es entre 2020 e 2030 em todo o planeta.<\/p>\n<div>\n<div id=\"infographic-3\" class=\"widget-infographic js-widget-infographic rs_skip\" data-url=\"https:\/\/arte.folha.uol.com.br\/graficos\/3HQA6\/\" data-infographic-id=\"infographic-3\"><iframe loading=\"lazy\" src=\"https:\/\/arte.folha.uol.com.br\/graficos\/3HQA6\/?initialWidth=630&amp;childId=infographic-3&amp;parentTitle=Fatia%20de%20adultos%20obesos%20no%20Brasil%20deve%20subir%20para%2030%25%20-%2008%2F05%2F2022%20-%20Equil%C3%ADbrio%20e%20Sa%C3%BAde%20-%20Folha&amp;parentUrl=https%3A%2F%2Fwww1.folha.uol.com.br%2Fequilibrioesaude%2F2022%2F05%2Fobesidade-deve-atingir-30-da-populacao-adulta-no-brasil-em-2030-aponta-projecao.shtml\" width=\"100%\" height=\"428px\" frameborder=\"0\" marginheight=\"0\" scrolling=\"no\" data-mce-fragment=\"1\"><\/iframe><\/div>\n<\/div>\n<p>Para o Brasil, o estudo encontrou que o aumento de crian\u00e7as e adolescentes obesas entre 2010 e 2030 deve ser de 3,8% a cada ano. Esse quadro, segundo a federa\u00e7\u00e3o, \u00e9 categorizado como muito alto e deve ocasionar mais de 7 milh\u00f5es de jovens obesos em oito anos.<\/p>\n<p>&#8220;Um problema \u00e9 que essas crian\u00e7as e adolescentes com obesidade t\u00eam uma grande chance de tamb\u00e9m serem adultos obesos. Isso \u00e9 muito preocupante porque o futuro j\u00e1 estaria comprado, ou seja, j\u00e1 ter\u00edamos n\u00fameros ruins&#8221;, diz Schiavon.<\/p>\n<h3 id=\"tratamento-e-prevencao-ainda-precisam-avancar\n\n\" class=\"c-news__subtitle\">TRATAMENTO E PREVEN\u00c7\u00c3O<\/h3>\n<p>A obesidade, assim como outras doen\u00e7as, tem modos diferentes de\u00a0realizar o tratamento\u00a0e a preven\u00e7\u00e3o, mas isso ainda gera certa confus\u00e3o.<\/p>\n<p>Cohen explica que uma das principais interfaces para preven\u00e7\u00e3o da obesidade \u00e9\u00a0identificar os fatores gen\u00e9ticos que est\u00e3o associados com ela, algo ainda sendo investigado pela medicina atual. Observando esses aspectos, seria poss\u00edvel j\u00e1 direcionar um estilo de vida espec\u00edfico para algu\u00e9m que tem tend\u00eancia a ser obeso a fim de evitar que isso venha a acontecer.<\/p>\n<p>&#8220;Preven\u00e7\u00e3o da obesidade e tratamento s\u00e3o coisas totalmente diferentes. Atividade f\u00edsica e orienta\u00e7\u00e3o diet\u00e9tica s\u00e3o fundamentais para preven\u00e7\u00e3o da obesidade, mas n\u00e3o para tratamento. O tratamento tem sempre esse bin\u00f4mio, fa\u00e7a mais atividade f\u00edsica e coma melhor, junto com uma interven\u00e7\u00e3o medicamentosa ou cir\u00fargica&#8221;, afirma.<\/p>\n<p>No entanto, o m\u00e9dico afirma que ainda h\u00e1 um problema em identificar a necessidade de realizar esses mecanismos de tratamento \u2014seja com rem\u00e9dio ou com\u00a0cirurgia\u00a0bari\u00e1trica\u2014 porque, \u00e0s vezes, n\u00e3o se encara a gravidade da doen\u00e7a.<\/p>\n<p>&#8220;A obesidade tem que ser levada a s\u00e9rio.\u00a0A Covid \u00e9 um exemplo: mortalidade, uso de respiradores e interna\u00e7\u00e3o na UTI est\u00e3o associados diretamente com a obesidade. N\u00e3o adianta somente pol\u00edticas de educa\u00e7\u00e3o. Necessitamos de tratamentos eficazes e possibilitar esse acesso a popula\u00e7\u00e3o&#8221;, conclui.<\/p>\n","protected":false},"excerpt":{"rendered":"<p>fonte: Folha de SP O Brasil dever\u00e1 ter, em 2030, quase 30% de sua popula\u00e7\u00e3o adulta com obesidade. A proje\u00e7\u00e3o foi feita pela\u00a0World Obesity\u00a0Federation, uma organiza\u00e7\u00e3o internacional voltada para redu\u00e7\u00e3o, preven\u00e7\u00e3o e tratamento da obesidade. Atualmente,\u00a0dados da\u00a0Vigitel\u00a0(Vigil\u00e2ncia de Fatores de Risco e Prote\u00e7\u00e3o para Doen\u00e7as Cr\u00f4nicas por Inqu\u00e9rito Telef\u00f4nico) de 2021, uma pesquisa feita pelo [&hellip;]<\/p>\n","protected":false},"author":1,"featured_media":14394,"comment_status":"closed","ping_status":"closed","sticky":false,"template":"","format":"standard","meta":{"ngg_post_thumbnail":0,"footnotes":""},"categories":[2],"tags":[],"class_list":["post-14550","post","type-post","status-publish","format-standard","has-post-thumbnail","hentry","category-noticias"],"aioseo_notices":[],"gutentor_comment":0,"_links":{"self":[{"href":"https:\/\/sobedrj.com.br\/novo\/wp-json\/wp\/v2\/posts\/14550","targetHints":{"allow":["GET"]}}],"collection":[{"href":"https:\/\/sobedrj.com.br\/novo\/wp-json\/wp\/v2\/posts"}],"about":[{"href":"https:\/\/sobedrj.com.br\/novo\/wp-json\/wp\/v2\/types\/post"}],"author":[{"embeddable":true,"href":"https:\/\/sobedrj.com.br\/novo\/wp-json\/wp\/v2\/users\/1"}],"replies":[{"embeddable":true,"href":"https:\/\/sobedrj.com.br\/novo\/wp-json\/wp\/v2\/comments?post=14550"}],"version-history":[{"count":2,"href":"https:\/\/sobedrj.com.br\/novo\/wp-json\/wp\/v2\/posts\/14550\/revisions"}],"predecessor-version":[{"id":14566,"href":"https:\/\/sobedrj.com.br\/novo\/wp-json\/wp\/v2\/posts\/14550\/revisions\/14566"}],"wp:featuredmedia":[{"embeddable":true,"href":"https:\/\/sobedrj.com.br\/novo\/wp-json\/wp\/v2\/media\/14394"}],"wp:attachment":[{"href":"https:\/\/sobedrj.com.br\/novo\/wp-json\/wp\/v2\/media?parent=14550"}],"wp:term":[{"taxonomy":"category","embeddable":true,"href":"https:\/\/sobedrj.com.br\/novo\/wp-json\/wp\/v2\/categories?post=14550"},{"taxonomy":"post_tag","embeddable":true,"href":"https:\/\/sobedrj.com.br\/novo\/wp-json\/wp\/v2\/tags?post=14550"}],"curies":[{"name":"wp","href":"https:\/\/api.w.org\/{rel}","templated":true}]}}