{"id":14556,"date":"2022-05-09T08:43:45","date_gmt":"2022-05-09T11:43:45","guid":{"rendered":"https:\/\/sobedrj.com.br\/novo\/?p=14556"},"modified":"2022-05-09T12:51:07","modified_gmt":"2022-05-09T15:51:07","slug":"cremerj-lanca-cartilha-ir-para-medicos-nao-caia-na-malha-fina","status":"publish","type":"post","link":"https:\/\/sobedrj.com.br\/novo\/2022\/05\/09\/cremerj-lanca-cartilha-ir-para-medicos-nao-caia-na-malha-fina\/","title":{"rendered":"Cremerj lan\u00e7a cartilha IR para m\u00e9dicos: n\u00e3o caia na malha fina!"},"content":{"rendered":"<p>fonte: Cremerj<\/p>\n<p>Com a prorroga\u00e7\u00e3o do Imposto de Renda (IR) 2022 para o dia 31 de maio pela Receita Federal, o Cremerj lan\u00e7ou a \u201cCartilha IR para m\u00e9dicos: N\u00e3o caia na malha fina!\u201d. Em formato on-line, o manual orienta os profissionais sobre o que deve ser feito para evitar problemas com a Receita Federal na hora da declara\u00e7\u00e3o.<\/p>\n<p>O guia tamb\u00e9m revela que os m\u00e9dicos est\u00e3o entre os profissionais que mais caem na malha fina \u2013 o que refor\u00e7a a necessidade de redobrar a aten\u00e7\u00e3o com o IR. Al\u00e9m disso, a cartilha aponta quais s\u00e3o os principais transtornos para quem enfrenta a Receita Federal, sendo o bloqueio de contas uma das medidas.<\/p>\n<p>Para a elabora\u00e7\u00e3o do manual, o Cremerj contou com o apoio do mestre em ci\u00eancias cont\u00e1beis Jos\u00e9 Miguel Rodrigues, que \u00e9 refer\u00eancia no tema \u201cimposto de renda\u201d e palestrante h\u00e1 anos sobre o assunto.<\/p>\n<p>\u201cOferecer esta cartilha para os nossos m\u00e9dicos \u00e9 muito significativo para n\u00f3s, pois sabemos o quanto este assunto pode ser complicado, al\u00e9m de gerar muitos transtornos para os colegas. A rotina de trabalho do m\u00e9dico \u00e9 densa e esperamos que este manual os ajude de alguma forma. Aproveitamos tamb\u00e9m para agradecer ao querido professor Jos\u00e9 Miguel Rodrigues, por sua valiosa contribui\u00e7\u00e3o neste projeto\u201d, frisou o presidente do Cremerj, Clovis Munhoz.<\/p>\n<p><a href=\"https:\/\/www.cremerj.org.br\/downloads\/pdf\/cartilhainterativa_ir_2022_cremerj.pdf?inline=inline\" target=\"_blank\" rel=\"noopener\">Clique aqui<\/a>\u00a0e baixe a sua cartilha!<\/p>\n","protected":false},"excerpt":{"rendered":"<p>fonte: Cremerj Com a prorroga\u00e7\u00e3o do Imposto de Renda (IR) 2022 para o dia 31 de maio pela Receita Federal, o Cremerj lan\u00e7ou a \u201cCartilha IR para m\u00e9dicos: N\u00e3o caia na malha fina!\u201d. Em formato on-line, o manual orienta os profissionais sobre o que deve ser feito para evitar problemas com a Receita Federal na [&hellip;]<\/p>\n","protected":false},"author":1,"featured_media":14558,"comment_status":"closed","ping_status":"closed","sticky":false,"template":"","format":"standard","meta":{"ngg_post_thumbnail":0,"footnotes":""},"categories":[2],"tags":[],"class_list":["post-14556","post","type-post","status-publish","format-standard","has-post-thumbnail","hentry","category-noticias"],"aioseo_notices":[],"gutentor_comment":0,"_links":{"self":[{"href":"https:\/\/sobedrj.com.br\/novo\/wp-json\/wp\/v2\/posts\/14556","targetHints":{"allow":["GET"]}}],"collection":[{"href":"https:\/\/sobedrj.com.br\/novo\/wp-json\/wp\/v2\/posts"}],"about":[{"href":"https:\/\/sobedrj.com.br\/novo\/wp-json\/wp\/v2\/types\/post"}],"author":[{"embeddable":true,"href":"https:\/\/sobedrj.com.br\/novo\/wp-json\/wp\/v2\/users\/1"}],"replies":[{"embeddable":true,"href":"https:\/\/sobedrj.com.br\/novo\/wp-json\/wp\/v2\/comments?post=14556"}],"version-history":[{"count":1,"href":"https:\/\/sobedrj.com.br\/novo\/wp-json\/wp\/v2\/posts\/14556\/revisions"}],"predecessor-version":[{"id":14559,"href":"https:\/\/sobedrj.com.br\/novo\/wp-json\/wp\/v2\/posts\/14556\/revisions\/14559"}],"wp:featuredmedia":[{"embeddable":true,"href":"https:\/\/sobedrj.com.br\/novo\/wp-json\/wp\/v2\/media\/14558"}],"wp:attachment":[{"href":"https:\/\/sobedrj.com.br\/novo\/wp-json\/wp\/v2\/media?parent=14556"}],"wp:term":[{"taxonomy":"category","embeddable":true,"href":"https:\/\/sobedrj.com.br\/novo\/wp-json\/wp\/v2\/categories?post=14556"},{"taxonomy":"post_tag","embeddable":true,"href":"https:\/\/sobedrj.com.br\/novo\/wp-json\/wp\/v2\/tags?post=14556"}],"curies":[{"name":"wp","href":"https:\/\/api.w.org\/{rel}","templated":true}]}}