{"id":14567,"date":"2022-05-09T12:54:13","date_gmt":"2022-05-09T15:54:13","guid":{"rendered":"https:\/\/sobedrj.com.br\/novo\/?p=14567"},"modified":"2022-05-09T12:54:13","modified_gmt":"2022-05-09T15:54:13","slug":"reuniao-de-maio-da-sobed-rj-aborda-doencas-inflamatorias-intestinais-e-ocorre-neste-sabado","status":"publish","type":"post","link":"https:\/\/sobedrj.com.br\/novo\/2022\/05\/09\/reuniao-de-maio-da-sobed-rj-aborda-doencas-inflamatorias-intestinais-e-ocorre-neste-sabado\/","title":{"rendered":"Reuni\u00e3o de maio da SOBED-RJ aborda Doen\u00e7as Inflamat\u00f3rias Intestinais e ocorre neste s\u00e1bado"},"content":{"rendered":"<p>A SOBED-RJ realiza neste s\u00e1bado, dia 14, \u00e0s 9h, sua reuni\u00e3o cient\u00edfica de maio, que abordar\u00e1 Doen\u00e7as Inflamat\u00f3rias Intestinais, tendo em vista a campanha Maio Roxo, que trata da conscientiza\u00e7\u00e3o das DIIs.<\/p>\n<p>Confira a programa\u00e7\u00e3o:<\/p>\n<ul>\n<li><strong>9h<\/strong> <em>Abertura<\/em><\/li>\n<li><strong>9h10<\/strong> <em>Diagn\u00f3stico<\/em> Dra. Cyrla Zaltman<\/li>\n<li><strong>9h25<\/strong> <em>Rastreamento de neoplasias<\/em> Dra. Ana Teresa Pugas<\/li>\n<li><strong>9h40<\/strong><em> Patologia<\/em> Dra. Daurita Paiva<\/li>\n<li><strong>9h55<\/strong> <em>Discuss\u00e3o<\/em><\/li>\n<\/ul>\n<p>A modera\u00e7\u00e3o ficar\u00e1 a cargo dos Drs. C\u00e9sar Amorim e Ant\u00f4nio Carlos Moraes.<\/p>\n<p>N\u00e3o perca!<\/p>\n<p><a href=\"https:\/\/us06web.zoom.us\/meeting\/register\/tZMsduqtqDwvG9diFUHW4ZsOUYTD7zzX3oB-\" target=\"_blank\" rel=\"noopener\">FA\u00c7A SUA INSCRI\u00c7\u00c3O GRATUITA<\/a><\/p>\n","protected":false},"excerpt":{"rendered":"<p>A SOBED-RJ realiza neste s\u00e1bado, dia 14, \u00e0s 9h, sua reuni\u00e3o cient\u00edfica de maio, que abordar\u00e1 Doen\u00e7as Inflamat\u00f3rias Intestinais, tendo em vista a campanha Maio Roxo, que trata da conscientiza\u00e7\u00e3o das DIIs. Confira a programa\u00e7\u00e3o: 9h Abertura 9h10 Diagn\u00f3stico Dra. Cyrla Zaltman 9h25 Rastreamento de neoplasias Dra. Ana Teresa Pugas 9h40 Patologia Dra. Daurita Paiva [&hellip;]<\/p>\n","protected":false},"author":1,"featured_media":14492,"comment_status":"closed","ping_status":"closed","sticky":false,"template":"","format":"standard","meta":{"ngg_post_thumbnail":0,"footnotes":""},"categories":[2],"tags":[],"class_list":["post-14567","post","type-post","status-publish","format-standard","has-post-thumbnail","hentry","category-noticias"],"aioseo_notices":[],"gutentor_comment":0,"_links":{"self":[{"href":"https:\/\/sobedrj.com.br\/novo\/wp-json\/wp\/v2\/posts\/14567","targetHints":{"allow":["GET"]}}],"collection":[{"href":"https:\/\/sobedrj.com.br\/novo\/wp-json\/wp\/v2\/posts"}],"about":[{"href":"https:\/\/sobedrj.com.br\/novo\/wp-json\/wp\/v2\/types\/post"}],"author":[{"embeddable":true,"href":"https:\/\/sobedrj.com.br\/novo\/wp-json\/wp\/v2\/users\/1"}],"replies":[{"embeddable":true,"href":"https:\/\/sobedrj.com.br\/novo\/wp-json\/wp\/v2\/comments?post=14567"}],"version-history":[{"count":1,"href":"https:\/\/sobedrj.com.br\/novo\/wp-json\/wp\/v2\/posts\/14567\/revisions"}],"predecessor-version":[{"id":14569,"href":"https:\/\/sobedrj.com.br\/novo\/wp-json\/wp\/v2\/posts\/14567\/revisions\/14569"}],"wp:featuredmedia":[{"embeddable":true,"href":"https:\/\/sobedrj.com.br\/novo\/wp-json\/wp\/v2\/media\/14492"}],"wp:attachment":[{"href":"https:\/\/sobedrj.com.br\/novo\/wp-json\/wp\/v2\/media?parent=14567"}],"wp:term":[{"taxonomy":"category","embeddable":true,"href":"https:\/\/sobedrj.com.br\/novo\/wp-json\/wp\/v2\/categories?post=14567"},{"taxonomy":"post_tag","embeddable":true,"href":"https:\/\/sobedrj.com.br\/novo\/wp-json\/wp\/v2\/tags?post=14567"}],"curies":[{"name":"wp","href":"https:\/\/api.w.org\/{rel}","templated":true}]}}