{"id":14579,"date":"2022-05-14T10:46:44","date_gmt":"2022-05-14T13:46:44","guid":{"rendered":"https:\/\/sobedrj.com.br\/novo\/?p=14579"},"modified":"2022-05-14T10:46:44","modified_gmt":"2022-05-14T13:46:44","slug":"veja-como-foi-a-reuniao-cientifica-de-maio-sobre-doenca-inflamatoria-intestinal","status":"publish","type":"post","link":"https:\/\/sobedrj.com.br\/novo\/2022\/05\/14\/veja-como-foi-a-reuniao-cientifica-de-maio-sobre-doenca-inflamatoria-intestinal\/","title":{"rendered":"Veja como foi a reuni\u00e3o cient\u00edfica de maio sobre Doen\u00e7a Inflamat\u00f3ria Intestinal"},"content":{"rendered":"<p>Cerca de 60 pessoas participaram, na manh\u00e3 deste s\u00e1bado, dia 14, da reuni\u00e3o cient\u00edfica de maio da SOBED-RJ, que abordou <em>Doen\u00e7as Inflamat\u00f3rias Intestinais<\/em>, tendo em vista a campanha Maio Roxo, de conscientiza\u00e7\u00e3o sobre a doen\u00e7a.<\/p>\n<p>O evento teve in\u00edcio com a Dra. Paula Peruzzi Elia, presidente da comiss\u00e3o cient\u00edfica da SOBED-RJ, dando \u00e0s boas-vindas a todos e apresentando os convidados da sess\u00e3o.<\/p>\n<p>Na sequ\u00eancia, ocorreram apresenta\u00e7\u00f5es de a Dra. Cyrla Zaltman, que falou sobre <em>diagn\u00f3stico<\/em>; a Dra. Ana Teresa Pugas, que tratou de <em>rastreamento de neoplasias<\/em>; e a Dra. Daurita Paiva, que abordou <em>patologia<\/em>.<\/p>\n<p>Ap\u00f3s as palestras, os moderadores, Drs. Ant\u00f4nio Carlos Moraes e Cesar Amorim, fizeram suas pondera\u00e7\u00f5es sobre os temas e trouxeram as perguntas apresentadas pelo chat do Zoom e do YouTube.<\/p>\n<p><strong>VEJA COMO FOI<\/strong><\/p>\n<p style=\"text-align: center;\"><iframe loading=\"lazy\" title=\"YouTube video player\" src=\"https:\/\/www.youtube.com\/embed\/9t4o6iJjuGk\" width=\"560\" height=\"315\" frameborder=\"0\" allowfullscreen=\"allowfullscreen\"><\/iframe><\/p>\n","protected":false},"excerpt":{"rendered":"<p>Cerca de 60 pessoas participaram, na manh\u00e3 deste s\u00e1bado, dia 14, da reuni\u00e3o cient\u00edfica de maio da SOBED-RJ, que abordou Doen\u00e7as Inflamat\u00f3rias Intestinais, tendo em vista a campanha Maio Roxo, de conscientiza\u00e7\u00e3o sobre a doen\u00e7a. O evento teve in\u00edcio com a Dra. Paula Peruzzi Elia, presidente da comiss\u00e3o cient\u00edfica da SOBED-RJ, dando \u00e0s boas-vindas a [&hellip;]<\/p>\n","protected":false},"author":1,"featured_media":14581,"comment_status":"closed","ping_status":"closed","sticky":false,"template":"","format":"standard","meta":{"ngg_post_thumbnail":0,"footnotes":""},"categories":[2],"tags":[],"class_list":["post-14579","post","type-post","status-publish","format-standard","has-post-thumbnail","hentry","category-noticias"],"aioseo_notices":[],"gutentor_comment":0,"_links":{"self":[{"href":"https:\/\/sobedrj.com.br\/novo\/wp-json\/wp\/v2\/posts\/14579","targetHints":{"allow":["GET"]}}],"collection":[{"href":"https:\/\/sobedrj.com.br\/novo\/wp-json\/wp\/v2\/posts"}],"about":[{"href":"https:\/\/sobedrj.com.br\/novo\/wp-json\/wp\/v2\/types\/post"}],"author":[{"embeddable":true,"href":"https:\/\/sobedrj.com.br\/novo\/wp-json\/wp\/v2\/users\/1"}],"replies":[{"embeddable":true,"href":"https:\/\/sobedrj.com.br\/novo\/wp-json\/wp\/v2\/comments?post=14579"}],"version-history":[{"count":3,"href":"https:\/\/sobedrj.com.br\/novo\/wp-json\/wp\/v2\/posts\/14579\/revisions"}],"predecessor-version":[{"id":14590,"href":"https:\/\/sobedrj.com.br\/novo\/wp-json\/wp\/v2\/posts\/14579\/revisions\/14590"}],"wp:featuredmedia":[{"embeddable":true,"href":"https:\/\/sobedrj.com.br\/novo\/wp-json\/wp\/v2\/media\/14581"}],"wp:attachment":[{"href":"https:\/\/sobedrj.com.br\/novo\/wp-json\/wp\/v2\/media?parent=14579"}],"wp:term":[{"taxonomy":"category","embeddable":true,"href":"https:\/\/sobedrj.com.br\/novo\/wp-json\/wp\/v2\/categories?post=14579"},{"taxonomy":"post_tag","embeddable":true,"href":"https:\/\/sobedrj.com.br\/novo\/wp-json\/wp\/v2\/tags?post=14579"}],"curies":[{"name":"wp","href":"https:\/\/api.w.org\/{rel}","templated":true}]}}