{"id":14605,"date":"2022-05-16T09:35:13","date_gmt":"2022-05-16T12:35:13","guid":{"rendered":"https:\/\/sobedrj.com.br\/novo\/?p=14605"},"modified":"2022-05-16T12:12:24","modified_gmt":"2022-05-16T15:12:24","slug":"inscricoes-abertas-para-prova-de-te-que-ocorre-em-19-de-junho","status":"publish","type":"post","link":"https:\/\/sobedrj.com.br\/novo\/2022\/05\/16\/inscricoes-abertas-para-prova-de-te-que-ocorre-em-19-de-junho\/","title":{"rendered":"Inscri\u00e7\u00f5es abertas para prova de TE que ocorre em 19 de junho"},"content":{"rendered":"<p>Est\u00e3o abertas at\u00e9 o dia 9 de junho (quinta-feira) as inscri\u00e7\u00f5es para a prova de obten\u00e7\u00e3o do <b>T\u00edtulo de Especialista\u00a0<\/b>e do<b>\u00a0Certificado de \u00c1rea de Atua\u00e7\u00e3o<\/b> em Endoscopia. A prova ser\u00e1 realizada em S\u00e3o Paulo no dia 19 de junho (s\u00e1bado).<\/p>\n<p class=\"sobed-documentos-listagem__body__item__hat\"><a href=\"https:\/\/www.sobed.org.br\/index.php?eID=cw_filedownload&amp;file=443&amp;field=externalurl\" target=\"_blank\" rel=\"noopener\">EDITAL DO CONCURSO PARA OBTEN\u00c7\u00c3O DO T\u00cdTULO DE ESPECIALISTA EM ENDOSCOPIA<\/a><\/p>\n<p class=\"sobed-documentos-listagem__body__item__hat\"><a href=\"https:\/\/www.sobed.org.br\/index.php?eID=cw_filedownload&amp;file=442&amp;field=externalurl\" target=\"_blank\" rel=\"noopener\">EDITAL DO CONCURSO PARA OBTEN\u00c7\u00c3O DO CERTIFICADO DE \u00c1REA DE ATUA\u00c7\u00c3O EM ENDOSCOPIA DIGESTIVA<\/a><\/p>\n<p><strong>CRONOGRAMA<\/strong><\/p>\n<div id=\"CW124\" class=\"rte\">\n<div class=\"rte--bodytext\">\n<table class=\"table\" width=\"753\">\n<colgroup>\n<col width=\"91\" \/>\n<col width=\"424\" \/>\n<col width=\"97\" \/>\n<col width=\"141\" \/><\/colgroup>\n<tbody>\n<tr>\n<td class=\"xl69\" width=\"91\" height=\"25\">DATA<\/td>\n<td class=\"xl70\" width=\"424\">ATIVIDADE<\/td>\n<td class=\"xl70\" width=\"97\">HORARIO<\/td>\n<td class=\"xl71\" width=\"141\">FORMA\/LOCAL<\/td>\n<\/tr>\n<tr>\n<td class=\"xl64\" height=\"20\">13\/05\/2022<\/td>\n<td class=\"xl65\">ABERTURA DAS INSCRI\u00c7\u00d5ES<\/td>\n<td class=\"xl66\">9 HORAS<\/td>\n<td class=\"xl66\">ONLINE<\/td>\n<\/tr>\n<tr>\n<td class=\"xl64\" height=\"20\">09\/06\/2022<\/td>\n<td class=\"xl65\">ENCERRAMENTO DAS INSCRI\u00c7\u00d5ES<\/td>\n<td class=\"xl66\">18 HORAS<\/td>\n<td class=\"xl66\">ONLINE<\/td>\n<\/tr>\n<tr>\n<td class=\"xl64\" height=\"20\">11\/06\/2022<\/td>\n<td class=\"xl65\">CONFIRMA\u00c7\u00c3O INSCRI\u00c7\u00c3O DEFERIDA<\/td>\n<td class=\"xl66\">18 HORAS<\/td>\n<td class=\"xl66\">POR EMAIL<\/td>\n<\/tr>\n<tr>\n<td class=\"xl66\" height=\"39\"><\/td>\n<td class=\"xl67\" width=\"424\">DATA LIMITE PARA ENVIAR OS DOCUMENTOS EXIGIDOS AP\u00d3S ANALISE<\/td>\n<td class=\"xl68\" width=\"97\"><\/td>\n<td class=\"xl68\" width=\"141\">24 H AP\u00d3S SOLICITA\u00c7\u00c3O<\/td>\n<\/tr>\n<tr>\n<td class=\"xl64\" height=\"20\">04\/07\/2022<\/td>\n<td class=\"xl65\">GABARITO<\/td>\n<td class=\"xl66\">18 HORAS<\/td>\n<td class=\"xl66\">POR EMAIL<\/td>\n<\/tr>\n<tr>\n<td class=\"xl64\" height=\"20\">04\/07\/2022<\/td>\n<td class=\"xl65\">ESPELHO DE CORRE\u00c7\u00c3O DAS RESPOSTAS<\/td>\n<td class=\"xl66\">18 HORAS<\/td>\n<td class=\"xl66\">POR EMAIL<\/td>\n<\/tr>\n<tr>\n<td class=\"xl64\" height=\"20\">07\/07\/2022<\/td>\n<td class=\"xl65\">DATA LIMITE PARA ENCAMINHAR RECURSO DO GABARITO<\/td>\n<td class=\"xl66\">18 HORAS<\/td>\n<td class=\"xl66\">VIA SEDEX<\/td>\n<\/tr>\n<tr>\n<td class=\"xl64\" height=\"20\">04\/07\/2022<\/td>\n<td class=\"xl65\">RESULTADO ETAPA TE\u00d3RICA<\/td>\n<td class=\"xl66\">18 HORAS<\/td>\n<td class=\"xl66\">POR EMAIL<\/td>\n<\/tr>\n<\/tbody>\n<\/table>\n<p class=\"bodytext\"><img loading=\"lazy\" decoding=\"async\" src=\"http:\/\/redacao.sobed.org.br\/fileadmin\/user_upload\/sobed\/2022\/05\/13\/Imagem1.png\" width=\"722\" height=\"313\" \/><\/p>\n<p class=\"bodytext\"><b>SOBED ADVERTE:<\/b><\/p>\n<h5>&#8211; Cursos de P\u00f3s Gradua\u00e7\u00e3o\u00a0<strong>N\u00c3O S\u00c3O CONSIDERADOS PR\u00c9 REQUISITO<\/strong>\u00a0para Especializa\u00e7\u00e3o.<\/h5>\n<h5>&#8211; Cursos Preparat\u00f3rios para Prova de T\u00edtulo de Especialista\u00a0<strong>N\u00c3O S\u00c3O INDICADOS E NEM OFERECIDOS<\/strong>\u00a0pela\u00a0<strong>SOBED<\/strong>.<\/h5>\n<h5>&#8211; A Comiss\u00e3o de \u00c9tica e Defesa Profissional, respaldada pela nossa Assessoria Jur\u00eddica \u00e9 respons\u00e1vel pelo parecer 001\/2021 e sugerimos sua leitura com a m\u00e1xima aten\u00e7\u00e3o.<\/h5>\n<h5>&#8211; O Edital da Prova de T\u00edtulo de Especialista \u00e9 publicado no portal da\u00a0<strong>SOBED<\/strong>\u00a0com aprova\u00e7\u00e3o da\u00a0<strong>AMB<\/strong>, exclusivamente. Este \u00e9 o documento oficial e deve ser considerado.<\/h5>\n<h5>&#8211; Denuncie quaisquer informa\u00e7\u00f5es recebidas atrav\u00e9s do e-mail:\u00a0<em><a href=\"mailto:cient%C3%ADfico@sobed.org.br\">cient\u00edfico@sobed.org.br<\/a><\/em><\/h5>\n<\/div>\n<\/div>\n","protected":false},"excerpt":{"rendered":"<p>Est\u00e3o abertas at\u00e9 o dia 9 de junho (quinta-feira) as inscri\u00e7\u00f5es para a prova de obten\u00e7\u00e3o do T\u00edtulo de Especialista\u00a0e do\u00a0Certificado de \u00c1rea de Atua\u00e7\u00e3o em Endoscopia. A prova ser\u00e1 realizada em S\u00e3o Paulo no dia 19 de junho (s\u00e1bado). EDITAL DO CONCURSO PARA OBTEN\u00c7\u00c3O DO T\u00cdTULO DE ESPECIALISTA EM ENDOSCOPIA EDITAL DO CONCURSO PARA [&hellip;]<\/p>\n","protected":false},"author":1,"featured_media":14607,"comment_status":"closed","ping_status":"closed","sticky":false,"template":"","format":"standard","meta":{"ngg_post_thumbnail":0,"footnotes":""},"categories":[2],"tags":[],"class_list":["post-14605","post","type-post","status-publish","format-standard","has-post-thumbnail","hentry","category-noticias"],"aioseo_notices":[],"gutentor_comment":0,"_links":{"self":[{"href":"https:\/\/sobedrj.com.br\/novo\/wp-json\/wp\/v2\/posts\/14605","targetHints":{"allow":["GET"]}}],"collection":[{"href":"https:\/\/sobedrj.com.br\/novo\/wp-json\/wp\/v2\/posts"}],"about":[{"href":"https:\/\/sobedrj.com.br\/novo\/wp-json\/wp\/v2\/types\/post"}],"author":[{"embeddable":true,"href":"https:\/\/sobedrj.com.br\/novo\/wp-json\/wp\/v2\/users\/1"}],"replies":[{"embeddable":true,"href":"https:\/\/sobedrj.com.br\/novo\/wp-json\/wp\/v2\/comments?post=14605"}],"version-history":[{"count":1,"href":"https:\/\/sobedrj.com.br\/novo\/wp-json\/wp\/v2\/posts\/14605\/revisions"}],"predecessor-version":[{"id":14608,"href":"https:\/\/sobedrj.com.br\/novo\/wp-json\/wp\/v2\/posts\/14605\/revisions\/14608"}],"wp:featuredmedia":[{"embeddable":true,"href":"https:\/\/sobedrj.com.br\/novo\/wp-json\/wp\/v2\/media\/14607"}],"wp:attachment":[{"href":"https:\/\/sobedrj.com.br\/novo\/wp-json\/wp\/v2\/media?parent=14605"}],"wp:term":[{"taxonomy":"category","embeddable":true,"href":"https:\/\/sobedrj.com.br\/novo\/wp-json\/wp\/v2\/categories?post=14605"},{"taxonomy":"post_tag","embeddable":true,"href":"https:\/\/sobedrj.com.br\/novo\/wp-json\/wp\/v2\/tags?post=14605"}],"curies":[{"name":"wp","href":"https:\/\/api.w.org\/{rel}","templated":true}]}}