{"id":14708,"date":"2022-06-13T08:46:41","date_gmt":"2022-06-13T11:46:41","guid":{"rendered":"https:\/\/sobedrj.com.br\/novo\/?p=14708"},"modified":"2022-06-14T07:04:39","modified_gmt":"2022-06-14T10:04:39","slug":"covid-19-veja-as-principais-noticias-da-ultima-semana","status":"publish","type":"post","link":"https:\/\/sobedrj.com.br\/novo\/2022\/06\/13\/covid-19-veja-as-principais-noticias-da-ultima-semana\/","title":{"rendered":"Covid-19: veja as principais not\u00edcias da \u00faltima semana"},"content":{"rendered":"<p>fonte: MedScape<\/p>\n<p>O n\u00famero de casos de covid-19 segue em alta no pa\u00eds. No dia 9 de junho de 2022, em 24 horas, houve 45.644 novos diagn\u00f3sticos. Com isso, a m\u00e9dia m\u00f3vel nos \u00faltimos sete dias chegou\u00a0a 37.191, varia\u00e7\u00e3o de +65% em rela\u00e7\u00e3o a duas semanas atr\u00e1s. Houve 148 \u00f3bitos por covid-19 em 24 horas, com m\u00e9dia m\u00f3vel de mortes em sete dias de 124. Em compara\u00e7\u00e3o \u00e0 m\u00e9dia de 14 dias anteriores, a varia\u00e7\u00e3o foi de 13%.<\/p>\n<p>Desde o in\u00edcio da pandemia, o pa\u00eds teve 667.849 \u00f3bitos e 31.360.157 casos notificados de covid-19, segundo dados das secretarias estaduais de sa\u00fade, reunidos pelo cons\u00f3rcio de ve\u00edculos de imprensa criado para monitorar a pandemia. Fazem parte da iniciativa\u00a0<em>g1<\/em>,\u00a0<em>O Globo<\/em>,\u00a0<em>Extra<\/em>,\u00a0<em>O Estado de S. Paulo<\/em>,\u00a0<em>Folha de S. Paulo<\/em>\u00a0e\u00a0<em>UOL<\/em>.<\/p>\n<p>Segundo a Organiza\u00e7\u00e3o Mundial da Sa\u00fade (OMS) divulgou na quarta-feira (8), o Brasil registrou o quarto maior n\u00famero de casos de covid no mundo na semana de 30 de maio a 5 de junho, com um crescimento de 36% em rela\u00e7\u00e3o \u00e0 semana anterior. \u00c0 nossa frente est\u00e3o apenas Estados Unidos, China e Austr\u00e1lia. O pa\u00eds tamb\u00e9m apareceu entre os cinco pa\u00edses que tiveram mais \u00f3bitos: 652, precedido apenas por Estados Unidos e China. Depois vieram R\u00fassia e It\u00e1lia.<\/p>\n<p>O n\u00famero de casos registrados no Brasil corresponde a 7,15% dos mais de 3 milh\u00f5es registrados em todo o mundo no per\u00edodo.<\/p>\n<p><b>Fiocruz: covid representa 69% dos casos de SRAG<\/b><\/p>\n<p>De acordo com o Boletim InfoGripe da Fiocruz, divulgado na quinta-feira (9),\u00a0os casos de covid-19 agora correspondem a 69% das ocorr\u00eancias de s\u00edndrome respirat\u00f3ria aguda grave (SRAG) nas \u00faltimas quatro semanas epidemiol\u00f3gicas. O total de \u00f3bitos por v\u00edrus respirat\u00f3rios tamb\u00e9m segue a mesma tend\u00eancia: 92,22% foram em decorr\u00eancia de covid-19.<\/p>\n<p>Os dados referentes \u00e0 semana de 29 de maio a 4 de junho indicam 7.700 casos de SRAG no pa\u00eds (6,9 \u2013 8,6). Para as ocorr\u00eancias de SRAG na popula\u00e7\u00e3o em geral, a estimativa mostra crescimento de 39,5% na m\u00e9dia m\u00f3vel de casos semanais na compara\u00e7\u00e3o entre a primeira e \u00faltima semana de maio. Na popula\u00e7\u00e3o adulta, a partir de 18 anos, a estimativa \u00e9 de que esse crescimento tenha sido de 88,7%.<\/p>\n<p>&#8220;Os dados laboratoriais apontam que, no grupo de zero a 4 anos, os casos seguem fundamentalmente associados ao v\u00edrus sincicial respirat\u00f3rio (VSR), embora tamb\u00e9m se observe presen\u00e7a relevante de SARS-CoV-2 (covid-19), rinov\u00edrus e metapneumov\u00edrus. Nas demais faixas et\u00e1rias, predomina as ocorr\u00eancias de SARS-CoV-2&#8221;,\u00a0<a href=\"https:\/\/agencia.fiocruz.br\/sites\/agencia.fiocruz.br\/files\/u34\/resumo_infogripe_2022_22.pdf\">informou<\/a>\u00a0o pesquisador Marcelo Gomes, coordenador do InfoGripe.<\/p>\n<p>Em S\u00e3o Paulo, o n\u00famero de\u00a0<a href=\"https:\/\/g1.globo.com\/sp\/sao-paulo\/noticia\/2022\/05\/27\/novas-internacoes-por-covid-19-no-estado-de-sp-aumentam-60percent-em-duas-semanas-mas-numero-ainda-e-15-do-pico-de-janeiro.ghtml\">novas interna\u00e7\u00f5es por covid-19<\/a>\u00a0no estado aumentou 60% nas \u00faltimas duas semanas, segundo dados da Secretaria Estadual da Sa\u00fade. No final de maio, o comit\u00ea de sa\u00fade do governo de SP voltou a recomendar uso de m\u00e1scara em locais fechados.<\/p>\n<p><b>Refor\u00e7o vacinal e m\u00e1scaras<\/b><\/p>\n<p>&#8220;\u00c9 fundamental que a popula\u00e7\u00e3o retome medidas simples e eficazes como o uso de m\u00e1scaras, especialmente no transporte p\u00fablico, seja ele coletivo ou individual \u2013 tais como \u00f4nibus, trem, metr\u00f4, barcas, t\u00e1xis e aplicativos. E quem ainda n\u00e3o tomou a dose de refor\u00e7o da vacina da covid, \u00e9 preciso tomar. A vacina\u00e7\u00e3o \u00e9 simplesmente fundamental&#8221;, alertou ainda o coordenador do InfoGripe.<\/p>\n<p><b>Positividade de testes na rede privada aumenta<\/b><\/p>\n<p>A\u00a0taxa de positividade dos testes feitos em farm\u00e1cias e drogarias aumentou, apontando a presen\u00e7a do coronav\u00edrus em 27,54% dos exames realizados per\u00edodo de 30 de maio a 5 de junho. \u00c9 o maior \u00edndice de positividade em 16 semanas, segundo a Associa\u00e7\u00e3o Brasileira de Redes de Farm\u00e1cias e Drogarias (Abrafarma). Em maio, essa taxa foi de 24,78.<\/p>\n<p>\u201cEm uma semana, tivemos quase 40% do total de casos registrados em maio, o que imp\u00f5e a necessidade de mais medidas de prote\u00e7\u00e3o e mais velocidade na aplica\u00e7\u00e3o das vacinas de refor\u00e7o\u201d, disse S\u00e9rgio Mena Barreto, CEO da Abrafarma.<\/p>\n<p><b>Avan\u00e7o das sublinhagens BA.4 e BA.5<\/b><\/p>\n<p>A presen\u00e7a das subvariantes BA.4 e BA.5 da \u00d4micron subiu de 10,4% para 44% das amostras positivas para SARS-CoV-2 no per\u00edodo de um m\u00eas (7 a maio a 4 de junho). O avan\u00e7o est\u00e1 por tr\u00e1s do aumento de casos de covid-19 e de interna\u00e7\u00f5es observado atualmente, afirmam pesquisadores do Instituto Todos pela Sa\u00fade (ITpS). De 1\u00ba de mar\u00e7o a 4 de junho, o ITpS analisou 123.829 testes de RT-PCR feitos pelos laborat\u00f3rios privados Dasa e DB Molecular, 90% no Sudeste e Centro-Oeste. A taxa de positividade atual para SARS-CoV-2 \u00e9 de 38,9%. A expectativa \u00e9 de que nesta semana ocorra o pico de transmiss\u00e3o de BA.4 e BA.5 enquanto a BA.2 segue em decl\u00ednio. Ao longo de junho e julho deve ocorrer queda de positividade dos testes e, consequentemente, de casos. O impacto da BA.4 e da BA.5 na sa\u00fade p\u00fablica tende a ser inferior ao visto na onda de BA.1. Dos estados com mais amostras coletadas, todos apresentam percentual de positividade acima de 30%, exceto Goi\u00e1s. S\u00e3o Paulo lidera com 38% dos testes positivos, seguido por Mato Grosso e Distrito Federal, com 36%, Minas Gerais, com 35%, e Rio de Janeiro, com 34%. Em rela\u00e7\u00e3o \u00e0 positividade de acordo com a faixa et\u00e1ria, o percentual \u00e9 superior a 40% em todos os grupos a partir de 30 anos. Nas duas \u00faltimas semanas houve aumento na faixa et\u00e1ria de zero a 4 anos, de 10% para 14%, e estabiliza\u00e7\u00e3o da taxa nos grupos de 5 a 9 anos e de 10 a 19 anos. O crescimento foi expressivo entre os mais idosos, a partir de 80 anos, de 29% para 44%. \u00a0Leia mais em\u00a0<a href=\"https:\/\/www.itps.org.br\/\">https:\/\/www.itps.org.br\/<\/a>.<\/p>\n<p>At\u00e9 o dia 9 de junho, 166.645.677 pessoas\u00a0foram\u00a0totalmente imunizadas\u00a0(receberam duas doses ou dose \u00fanica). \u00c9 o equivalente a\u00a077,57% da popula\u00e7\u00e3o brasileira. Um total de\u00a095.497.318\u00a0pessoas\u00a0(44,45% da popula\u00e7\u00e3o total) receberam a terceira dose (refor\u00e7o).<\/p>\n<p>Os dados apontam que que\u00a0178.778.099\u00a0pessoas\u00a0foram\u00a0parcialmente imunizadas\u00a0(receberam apenas uma das doses necess\u00e1rias), 61,86% da popula\u00e7\u00e3o entre 5 e 11 anos\u00a0tomaram a\u00a0primeira dose\u00a0(12.680.447\u00a0pessoas) e\u00a035,85% da popula\u00e7\u00e3o entre 5 e 11 anos\u00a0tomaram a\u00a0segunda dose.\u00a0\u00c9 o equivalente a 7.348.749 pessoas.<\/p>\n<p><b>Quarta dose com prescri\u00e7\u00e3o na rede privada<\/b><\/p>\n<p>As Drogarias Pacheco e S\u00e3o Paulo, do grupo DPSP, come\u00e7aram a oferecer, neste s\u00e1bado (11), quarta dose da vacina contra a Covid para clientes de 18 anos com prescri\u00e7\u00e3o m\u00e9dica. H\u00e1 cerca de uma semana, para receber o imunizante na rede privada era preciso ter mais 50 anos. A empresa tamb\u00e9m expandiu o n\u00famero de lojas com o servi\u00e7o. Al\u00e9m das unidades em Moema e Paulista, as redes come\u00e7am a vacinar na capital paulista em regi\u00f5es como Parque da Mooca, Indian\u00f3polis, Bela Vista, Perdizes e Casa Verde, e em uma no munic\u00edpio de S\u00e3o Caetano do Sul. Fora do estado, a distribui\u00e7\u00e3o fica restrita a tr\u00eas lojas no Rio de Janeiro, uma no Esp\u00edrito Santo e uma em Pernambuco.<\/p>\n<p><b>Vacina anticov\u00eddica e esclerose m\u00faltipla<\/b><\/p>\n<p>Pesquisa revela que contagem de c\u00e9lulas B \u2265 40\/\u00b5L em alguns pacientes \u00e9 essencial para uma resposta imunit\u00e1ria adequada aos refor\u00e7os vacinais.\u00a0<a href=\"https:\/\/portugues.medscape.com\/verartigo\/6508075\">Entenda<\/a>.<\/p>\n<p><b>Teste para triagem de comprometimento cognitivo p\u00f3s-covid-19<\/b><\/p>\n<p>Pesquisa indica que quadro pode ser avaliado por meio do teste\u00a0<em>Oxford Cognitive Screen-Plus<\/em>, que \u00e9 barato, port\u00e1til e f\u00e1cil de usar.\u00a0<a href=\"https:\/\/portugues.medscape.com\/verartigo\/6508063\">Saiba no que consiste a avalia\u00e7\u00e3o<\/a>.<\/p>\n<p>E mais: O Dr. Sean T. Lynch, do departamento de psiquiatria do\u00a0<em>Westchester Medical Center Health System<\/em>,\u00a0em Valhalla, nos Estados Unidos, e colegas, publicaram um estudo apontando que os d\u00e9ficits neuropsiqui\u00e1tricos da covid longa s\u00e3o maiores do que o esperado. Os pesquisadores avaliaram 60 participantes que tiveram covid-19 seis a oito meses antes e haviam sido submetidos a exames neuropsicol\u00f3gicos, psiqui\u00e1tricos, m\u00e9dicos e funcionais, testes e avalia\u00e7\u00f5es de qualidade de vida.<\/p>\n<p>\u201cOs sintomas que descrevemos neste artigo j\u00e1 foram observados por muitos m\u00e9dicos.\u00a0Mas nosso estudo \u00e9 um dos primeiros a identificar d\u00e9ficits espec\u00edficos usando testes neuropsicol\u00f3gicos para melhor caracterizar a s\u00edndrome&#8221;, disse o Dr. Lynch, primeiro autor\u00a0do trabalho, em entrevista. Os\u00a0<a href=\"https:\/\/doi.org\/10.1016\/j.jaclp.2022.01.003\">resultados<\/a>\u00a0do estudo foram publicados\u00a0<em>on-line<\/em>\u00a0no\u00a0<em>Journal of the Academy of Consultation-Liaison Psychiatry<\/em>.\u00a0<a href=\"https:\/\/espanol.medscape.com\/verarticulo\/5909143\">Leia mais<\/a>\u00a0no\u00a0<em>Medscape<\/em>\u00a0em espanhol.<\/p>\n<p><b>Ox\u00edmetros: baixa sensibilidade na pele escura<\/b><\/p>\n<p>Subdiagn\u00f3stico de hipoxemia pode levar a demora ou aus\u00eancia de tratamento entre pacientes com covid-19 negros e hisp\u00e2nicos, contribuindo para a possibilidade de mau progn\u00f3stico.\u00a0<a href=\"https:\/\/portugues.medscape.com\/verartigo\/6508059\">Saiba mais<\/a>.<\/p>\n<p><b>Exposi\u00e7\u00e3o\u00a0<em>in utero<\/em>\u00a0ao SARS-CoV-2 e rela\u00e7\u00e3o com dist\u00farbios do neurodesenvolvimento<\/b><\/p>\n<p>A covid-19 na gravidez tem sido associada a um risco significativamente aumentado de dist\u00farbios do neurodesenvolvimento em beb\u00eas no primeiro ano de vida, mostra uma nova pesquisa. &#8220;Nesta an\u00e1lise de 222 filhos de m\u00e3es infectadas com SARS-CoV-2, em compara\u00e7\u00e3o com os filhos de 7.550 m\u00e3es no grupo controle (n\u00e3o infectadas) nascidos durante o mesmo per\u00edodo, observamos que os diagn\u00f3sticos de neurodesenvolvimento s\u00e3o significativamente mais comuns entre os filhos expostos \u00e0 infec\u00e7\u00e3o materna, particularmente no terceiro trimestre&#8221;, escreveram os pesquisadores alertam os pesquisadores, liderados pelo Dr. Roy Perlis, MSc, do\u00a0<em>Massachusetts General Hospital<\/em>, em Boston (EUA).\u00a0<a href=\"https:\/\/www.medscape.com\/viewarticle\/975366\">Leia mais<\/a>\u00a0no\u00a0<em>Medscape<\/em>\u00a0em ingl\u00eas.<\/p>\n<p><b>C\u00e2ncer e covid longa<\/b><\/p>\n<p>Os pacientes com c\u00e2ncer representam uma propor\u00e7\u00e3o maior de pessoas que t\u00eam com sintomas persistentes e problem\u00e1ticos ap\u00f3s a recupera\u00e7\u00e3o da covid-19, uma condi\u00e7\u00e3o conhecida como covid longa, relataram pesquisadores dos Estados Unidos na reuni\u00e3o anual da ASCO 2022.\u00a0<a href=\"https:\/\/www.medscape.com\/viewarticle\/975190\">Leia mais<\/a>\u00a0no\u00a0<em>Medscape<\/em>\u00a0em ingl\u00eas.<\/p>\n<p><b>Baricitinibe\u00a0<em>versus<\/em>\u00a0dexametasona<\/b><\/p>\n<p>Para pacientes com covid grave, que requerem oxig\u00eanio suplementar, a combina\u00e7\u00e3o de remdesivir com baricitinibe ou dexametasona levou a taxas de sobrevida semelhantes sem ventila\u00e7\u00e3o mec\u00e2nica, mas\u00a0a dexametasona foi associada a significativamente mais efeitos colaterais, no estudo controlado randomizado ACTT-4. O estudo duplo-cego avaliou a combina\u00e7\u00e3o de baricitinibe mais remdesivir\u00a0<em>versus<\/em>\u00a0dexametasona mais remdesivir na preven\u00e7\u00e3o da progress\u00e3o para ventila\u00e7\u00e3o mec\u00e2nica ou morte em 1.047 pacientes (idade m\u00e9dia, 58; 58% do sexo masculino) com covid-19 necessitando de oxig\u00eanio suplementar por fluxo, alto fluxo ou ventila\u00e7\u00e3o n\u00e3o invasiva. A sobrevida livre de ventila\u00e7\u00e3o mec\u00e2nica no 29\u00ba dia (o desfecho prim\u00e1rio) foi semelhante entre os grupos de estudo (87,0% no grupo baricitinibe e 87,6% no grupo dexametasona;\u00a0<em>P<\/em>\u00a0= 0,91).<\/p>\n<p><b>Vacina\u00e7\u00e3o contra var\u00edola s\u00edmia<\/b><\/p>\n<p>Canad\u00e1, Estados Unidos e Reino Unido come\u00e7aram a vacinar contra a var\u00edola as pessoas que tiveram contato pr\u00f3ximo com pessoas infectadas. Acredita-se que essas vacinas contra a var\u00edola tenham cerca de 85% de efic\u00e1cia contra a infec\u00e7\u00e3o, de acordo com a OMS. A OMS n\u00e3o recomendou a vacina\u00e7\u00e3o em massa contra a var\u00edola s\u00edmia (em ingl\u00eas,\u00a0<em>monkeypox<\/em>), zoonose capaz de infectar humanos, em surto em diversos pa\u00edses. Na \u00faltima semana, os\u00a0<em>Centers for Disease Control and Prevention<\/em>\u00a0(CDC), nos Estados Unidos, reportaram que existem pelo menos duas cepas do v\u00edrus da var\u00edola s\u00edmia envolvidos nos surtos. J\u00e1 s\u00e3o mais de mil infec\u00e7\u00f5es confirmadas em quase 30 pa\u00edses \u2013 e autoridades de sa\u00fade p\u00fablica e pesquisadores questionam se os surtos atuais podem ser contidos.<\/p>\n<p>No dia 9, a Secretaria de Estado da Sa\u00fade de S\u00e3o Paulo informou que um homem de 41 anos foi diagnosticado com var\u00edola s\u00edmia. O paciente est\u00e1 internado no Instituto de Infectologia Em\u00edlio Ribas, na capital paulista.<\/p>\n<p>O mundo registrou 534.439.577 diagn\u00f3sticos de infec\u00e7\u00e3o pelo v\u00edrus SARS-CoV-2, e 6.307.218 \u00f3bitos por covid-19 at\u00e9 o dia 10 de junho de 2022, de acordo com o monitor\u00a0<em>\u00a0<a href=\"https:\/\/coronavirus.jhu.edu\/map.html\">Coronav\u00edrus Resource Center<\/a>\u00a0<\/em>, da\u00a0<em>Johns Hopkins University<\/em>\u00a0(EUA).<\/p>\n<p><b>Subvariantes, taxa de mortalidade e politiza\u00e7\u00e3o da sa\u00fade nos EUA<\/b><\/p>\n<p>As subvariantes BA.4 e da BA.5 da variante \u00d4micron\u00a0est\u00e3o se espalhando pelos Estados Unidos\u00a0e compondo uma porcentagem maior de novos casos, levantando preocupa\u00e7\u00f5es sobre o aumento da transmissibilidade.<\/p>\n<p>A taxa de mortalidade por coronav\u00edrus para americanos brancos\u00a0superou as taxas\u00a0para americanos negros, latinos e asi\u00e1ticos, de acordo com um\u00a0<a href=\"https:\/\/www.nytimes.com\/2022\/06\/09\/briefing\/covid-race-deaths-america.html\">novo relat\u00f3rio<\/a>\u00a0do\u00a0<em>The New York Times<\/em>. No in\u00edcio da pandemia, o v\u00edrus teve impacto desproporcional em negros e latinos.\u00a0Durante os primeiros meses de 2020, a taxa de mortalidade\u00a0<em>per capita<\/em>\u00a0de americanos negros foi quase duas vezes maior do que a de brancos, e mais do que duas vezes maior do que a taxa de mortalidade de asi\u00e1ticos.<\/p>\n<p><a href=\"https:\/\/www.bmj.com\/content\/377\/bmj-2021-069308\">Estudo<\/a>\u00a0divulgado no dia 7 no\u00a0<em>British Medical Journal<\/em>\u00a0(BMJ) descobriu que a taxa de mortalidade nos condados norte-americanos que votaram em candidatos democratas para presidente (como Joe Biden e Barack Obama) diminuiu 22% entre 2001 e 2019 \u2013 o dobro da taxa de redu\u00e7\u00e3o observada nos condados que escolheram candidatos republicanos (como Donald Trump). O pesquisador Haider Warraich comenta a politiza\u00e7\u00e3o da sa\u00fade.\u00a0<a href=\"https:\/\/www.medscape.com\/viewarticle\/975217\">No\u00a0<em>Medscape<\/em>\u00a0em ingl\u00eas<\/a>.<\/p>\n<p><b>Alemanha se prepara para futuras ondas<\/b><\/p>\n<p>Na Alemanha, segundo informa\u00e7\u00f5es veiculadas no dia 7 pelo\u00a0<em>Corona Newsblog<\/em>\u00a0publicado na edi\u00e7\u00e3o em alem\u00e3o, os principais indicadores da pandemia est\u00e3o subindo.\u00a0Conforme relatado pelo\u00a0<em>Robert Koch Institute<\/em>\u00a0(RKI), a incid\u00eancia em 7 dias foi de 276,9 casos por 100.000 habitantes em 9 de junho de 2022. No dia anterior havia 238,1 casos por 100.000 habitantes.<\/p>\n<p>As tend\u00eancias nacionais podem ser encontradas no\u00a0<a href=\"https:\/\/capture.dropbox.com\/eyJ5OkaLDnTmgSu3\">relat\u00f3rio semanal RKI<\/a>\u00a0de 2 de junho de 2022: BA.4\/BA.5 est\u00e3o sendo cada vez mais detectadas em amostras.\u00a0Apenas a frequ\u00eancia da BA.5 parece dobrar a partir da semana 11.<\/p>\n<p>&#8220;\u00c9 uma evolu\u00e7\u00e3o bastante ruim.\u00a0A variante particularmente contagiosa BA4\/BA5 tamb\u00e9m est\u00e1 em alta aqui&#8221;,\u00a0<a href=\"https:\/\/twitter.com\/Karl_Lauterbach\/status\/1531296568246165504?cxt=HBwWgICzwbOHocAqAAAA&amp;cn=ZmxleGlibGVfcmVjcw%3D%3D&amp;refsrc=email\">comentou<\/a>\u00a0o Ministro Federal da Sa\u00fade, Prof. Dr.\u00a0Karl Lauterbach no\u00a0<em>Twitter<\/em>.<\/p>\n<p>&#8220;Infelizmente, em Portugal, a taxa de mortalidade volta a aumentar com a variante BA.5 \u00d4micron.&#8221; Segundo o ministro, \u201cpode haver realmente uma onda de ver\u00e3o.\u00a0Ainda n\u00e3o \u00e9 certo.\u00a0No entanto, agora \u00e9 a hora de come\u00e7ar a se preparar para o outono.\u201d<\/p>\n","protected":false},"excerpt":{"rendered":"<p>fonte: MedScape O n\u00famero de casos de covid-19 segue em alta no pa\u00eds. No dia 9 de junho de 2022, em 24 horas, houve 45.644 novos diagn\u00f3sticos. Com isso, a m\u00e9dia m\u00f3vel nos \u00faltimos sete dias chegou\u00a0a 37.191, varia\u00e7\u00e3o de +65% em rela\u00e7\u00e3o a duas semanas atr\u00e1s. Houve 148 \u00f3bitos por covid-19 em 24 horas, [&hellip;]<\/p>\n","protected":false},"author":1,"featured_media":13484,"comment_status":"closed","ping_status":"closed","sticky":false,"template":"","format":"standard","meta":{"ngg_post_thumbnail":0,"footnotes":""},"categories":[2],"tags":[],"class_list":["post-14708","post","type-post","status-publish","format-standard","has-post-thumbnail","hentry","category-noticias"],"aioseo_notices":[],"gutentor_comment":0,"_links":{"self":[{"href":"https:\/\/sobedrj.com.br\/novo\/wp-json\/wp\/v2\/posts\/14708","targetHints":{"allow":["GET"]}}],"collection":[{"href":"https:\/\/sobedrj.com.br\/novo\/wp-json\/wp\/v2\/posts"}],"about":[{"href":"https:\/\/sobedrj.com.br\/novo\/wp-json\/wp\/v2\/types\/post"}],"author":[{"embeddable":true,"href":"https:\/\/sobedrj.com.br\/novo\/wp-json\/wp\/v2\/users\/1"}],"replies":[{"embeddable":true,"href":"https:\/\/sobedrj.com.br\/novo\/wp-json\/wp\/v2\/comments?post=14708"}],"version-history":[{"count":1,"href":"https:\/\/sobedrj.com.br\/novo\/wp-json\/wp\/v2\/posts\/14708\/revisions"}],"predecessor-version":[{"id":14710,"href":"https:\/\/sobedrj.com.br\/novo\/wp-json\/wp\/v2\/posts\/14708\/revisions\/14710"}],"wp:featuredmedia":[{"embeddable":true,"href":"https:\/\/sobedrj.com.br\/novo\/wp-json\/wp\/v2\/media\/13484"}],"wp:attachment":[{"href":"https:\/\/sobedrj.com.br\/novo\/wp-json\/wp\/v2\/media?parent=14708"}],"wp:term":[{"taxonomy":"category","embeddable":true,"href":"https:\/\/sobedrj.com.br\/novo\/wp-json\/wp\/v2\/categories?post=14708"},{"taxonomy":"post_tag","embeddable":true,"href":"https:\/\/sobedrj.com.br\/novo\/wp-json\/wp\/v2\/tags?post=14708"}],"curies":[{"name":"wp","href":"https:\/\/api.w.org\/{rel}","templated":true}]}}