{"id":14716,"date":"2022-06-13T09:45:37","date_gmt":"2022-06-13T12:45:37","guid":{"rendered":"https:\/\/sobedrj.com.br\/novo\/?p=14716"},"modified":"2022-06-14T07:02:18","modified_gmt":"2022-06-14T10:02:18","slug":"portaria-define-procedimentos-cirurgicos-prioritarios-no-sus","status":"publish","type":"post","link":"https:\/\/sobedrj.com.br\/novo\/2022\/06\/13\/portaria-define-procedimentos-cirurgicos-prioritarios-no-sus\/","title":{"rendered":"Portaria define procedimentos cir\u00fargicos priorit\u00e1rios no SUS"},"content":{"rendered":"<p>fonte: <a href=\"https:\/\/agenciabrasil.ebc.com.br\/saude\/noticia\/2022-06\/portaria-define-procedimentos-cirurgicos-prioritarios-no-sus\" target=\"_blank\" rel=\"noopener\">Ag\u00eancia Brasil<\/a><\/p>\n<p>O Minist\u00e9rio da Sa\u00fade divulgou <a href=\"https:\/\/www.in.gov.br\/en\/web\/dou\/-\/portaria-gm\/ms-n-1.388-de-9-de-junho-de-2022-407057607\" target=\"_blank\" rel=\"noopener\">portaria com a lista de novos procedimentos cir\u00fargicos priorit\u00e1rios<\/a>\u00a0para o Sistema \u00danico de Sa\u00fade (SUS) e a libera\u00e7\u00e3o dos recursos para custe\u00e1-los. Os procedimentos cir\u00fargicos priorit\u00e1rios s\u00e3o definidos pelo governo como aqueles de grande demanda reprimida e com filas de espera significativas. Segundo o minist\u00e9rio, a medida foi tomada para contribuir para a efici\u00eancia do sistema, propiciando o melhor uso poss\u00edvel dos recursos p\u00fablicos.<img decoding=\"async\" src=\"https:\/\/agenciabrasil.ebc.com.br\/ebc.png?id=1465034&amp;o=node\" \/><img decoding=\"async\" src=\"https:\/\/agenciabrasil.ebc.com.br\/ebc.gif?id=1465034&amp;o=node\" \/><\/p>\n<p>Segundo a portaria, os procedimentos ser\u00e3o financiados por meio do Fundo de A\u00e7\u00f5es Estrat\u00e9gicas e Compensa\u00e7\u00e3o (Faec) por um per\u00edodo de 6 meses, para a forma\u00e7\u00e3o de s\u00e9rie hist\u00f3rica necess\u00e1ria \u00e0 sua incorpora\u00e7\u00e3o ao limite financeiro de m\u00e9dia e alta complexidade dos estados, do Distrito Federal e munic\u00edpios.<\/p>\n<p>\u201cCabe aos gestores estaduais, municipais e do Distrito Federal, a organiza\u00e7\u00e3o e a defini\u00e7\u00e3o dos crit\u00e9rios regulat\u00f3rios que garantam o acesso preferencial aos pacientes cuja solicita\u00e7\u00e3o j\u00e1 esteja inserida na regula\u00e7\u00e3o. O Fundo Nacional de Sa\u00fade adotar\u00e1 as medidas necess\u00e1rias para a transfer\u00eancia dos recursos aos Fundos de Sa\u00fade dos estados, do Distrito Federal e dos munic\u00edpios, mediante processo autorizativo encaminhado pela Secretaria respons\u00e1vel pelo Programa de Trabalho\u201d, diz a portaria.<\/p>\n","protected":false},"excerpt":{"rendered":"<p>fonte: Ag\u00eancia Brasil O Minist\u00e9rio da Sa\u00fade divulgou portaria com a lista de novos procedimentos cir\u00fargicos priorit\u00e1rios\u00a0para o Sistema \u00danico de Sa\u00fade (SUS) e a libera\u00e7\u00e3o dos recursos para custe\u00e1-los. Os procedimentos cir\u00fargicos priorit\u00e1rios s\u00e3o definidos pelo governo como aqueles de grande demanda reprimida e com filas de espera significativas. Segundo o minist\u00e9rio, a medida [&hellip;]<\/p>\n","protected":false},"author":1,"featured_media":13513,"comment_status":"closed","ping_status":"closed","sticky":false,"template":"","format":"standard","meta":{"ngg_post_thumbnail":0,"footnotes":""},"categories":[2],"tags":[],"class_list":["post-14716","post","type-post","status-publish","format-standard","has-post-thumbnail","hentry","category-noticias"],"aioseo_notices":[],"gutentor_comment":0,"_links":{"self":[{"href":"https:\/\/sobedrj.com.br\/novo\/wp-json\/wp\/v2\/posts\/14716","targetHints":{"allow":["GET"]}}],"collection":[{"href":"https:\/\/sobedrj.com.br\/novo\/wp-json\/wp\/v2\/posts"}],"about":[{"href":"https:\/\/sobedrj.com.br\/novo\/wp-json\/wp\/v2\/types\/post"}],"author":[{"embeddable":true,"href":"https:\/\/sobedrj.com.br\/novo\/wp-json\/wp\/v2\/users\/1"}],"replies":[{"embeddable":true,"href":"https:\/\/sobedrj.com.br\/novo\/wp-json\/wp\/v2\/comments?post=14716"}],"version-history":[{"count":1,"href":"https:\/\/sobedrj.com.br\/novo\/wp-json\/wp\/v2\/posts\/14716\/revisions"}],"predecessor-version":[{"id":14718,"href":"https:\/\/sobedrj.com.br\/novo\/wp-json\/wp\/v2\/posts\/14716\/revisions\/14718"}],"wp:featuredmedia":[{"embeddable":true,"href":"https:\/\/sobedrj.com.br\/novo\/wp-json\/wp\/v2\/media\/13513"}],"wp:attachment":[{"href":"https:\/\/sobedrj.com.br\/novo\/wp-json\/wp\/v2\/media?parent=14716"}],"wp:term":[{"taxonomy":"category","embeddable":true,"href":"https:\/\/sobedrj.com.br\/novo\/wp-json\/wp\/v2\/categories?post=14716"},{"taxonomy":"post_tag","embeddable":true,"href":"https:\/\/sobedrj.com.br\/novo\/wp-json\/wp\/v2\/tags?post=14716"}],"curies":[{"name":"wp","href":"https:\/\/api.w.org\/{rel}","templated":true}]}}