{"id":14771,"date":"2022-06-21T15:36:18","date_gmt":"2022-06-21T18:36:18","guid":{"rendered":"https:\/\/sobedrj.com.br\/novo\/?p=14771"},"modified":"2022-06-21T15:36:18","modified_gmt":"2022-06-21T18:36:18","slug":"reuniao-cientifica-da-sobed-rj-ocorre-nesta-segunda-e-abordara-hemorragia-do-intestino-medio","status":"publish","type":"post","link":"https:\/\/sobedrj.com.br\/novo\/2022\/06\/21\/reuniao-cientifica-da-sobed-rj-ocorre-nesta-segunda-e-abordara-hemorragia-do-intestino-medio\/","title":{"rendered":"Reuni\u00e3o cient\u00edfica da SOBED-RJ ocorre nesta segunda e abordar\u00e1 hemorragia do intestino m\u00e9dio"},"content":{"rendered":"<p>A SOBED-RJ realiza nesta segunda-feira, dia 27, \u00e0s 19h, sua reuni\u00e3o cient\u00edfica de junho, que ter\u00e1 como tema <em>Hemorragia do intestino m\u00e9dio<\/em>.<\/p>\n<p>Confira a programa\u00e7\u00e3o:<\/p>\n<ul>\n<li><strong>19h<\/strong> <em>Abertura<\/em><\/li>\n<li><strong>19h10<\/strong> <em>C\u00e1psula endosc\u00f3pica<\/em>\u00a0Dra. Barbara Esberard<\/li>\n<li><strong>19h25<\/strong> <em>Enteroscopia duplo bal\u00e3o<\/em>\u00a0Dra. Adriana Safatle-Ribeiro<\/li>\n<li><strong>19h40<\/strong><em> Radiologia intervencionista<\/em> Dr. Daniel Kanaan<\/li>\n<li><strong>19h55<\/strong> <em>Discuss\u00e3o<\/em><\/li>\n<\/ul>\n<p>A modera\u00e7\u00e3o ficar\u00e1 a cargo do Dr. Afonso Paredes e da Dra. Ana Zuccaro.<\/p>\n<p>N\u00e3o perca!<\/p>\n<p><a href=\"https:\/\/us06web.zoom.us\/meeting\/register\/tZYvc--pqjIqGt0RLT0dsp6Kg0xhffLAWqRD\" target=\"_blank\" rel=\"noopener\">FA\u00c7A SUA INSCRI\u00c7\u00c3O GRATUITA<\/a><\/p>\n","protected":false},"excerpt":{"rendered":"<p>A SOBED-RJ realiza nesta segunda-feira, dia 27, \u00e0s 19h, sua reuni\u00e3o cient\u00edfica de junho, que ter\u00e1 como tema Hemorragia do intestino m\u00e9dio. Confira a programa\u00e7\u00e3o: 19h Abertura 19h10 C\u00e1psula endosc\u00f3pica\u00a0Dra. Barbara Esberard 19h25 Enteroscopia duplo bal\u00e3o\u00a0Dra. Adriana Safatle-Ribeiro 19h40 Radiologia intervencionista Dr. Daniel Kanaan 19h55 Discuss\u00e3o A modera\u00e7\u00e3o ficar\u00e1 a cargo do Dr. Afonso Paredes [&hellip;]<\/p>\n","protected":false},"author":1,"featured_media":14646,"comment_status":"closed","ping_status":"closed","sticky":false,"template":"","format":"standard","meta":{"ngg_post_thumbnail":0,"footnotes":""},"categories":[2],"tags":[],"class_list":["post-14771","post","type-post","status-publish","format-standard","has-post-thumbnail","hentry","category-noticias"],"aioseo_notices":[],"gutentor_comment":0,"_links":{"self":[{"href":"https:\/\/sobedrj.com.br\/novo\/wp-json\/wp\/v2\/posts\/14771","targetHints":{"allow":["GET"]}}],"collection":[{"href":"https:\/\/sobedrj.com.br\/novo\/wp-json\/wp\/v2\/posts"}],"about":[{"href":"https:\/\/sobedrj.com.br\/novo\/wp-json\/wp\/v2\/types\/post"}],"author":[{"embeddable":true,"href":"https:\/\/sobedrj.com.br\/novo\/wp-json\/wp\/v2\/users\/1"}],"replies":[{"embeddable":true,"href":"https:\/\/sobedrj.com.br\/novo\/wp-json\/wp\/v2\/comments?post=14771"}],"version-history":[{"count":1,"href":"https:\/\/sobedrj.com.br\/novo\/wp-json\/wp\/v2\/posts\/14771\/revisions"}],"predecessor-version":[{"id":14773,"href":"https:\/\/sobedrj.com.br\/novo\/wp-json\/wp\/v2\/posts\/14771\/revisions\/14773"}],"wp:featuredmedia":[{"embeddable":true,"href":"https:\/\/sobedrj.com.br\/novo\/wp-json\/wp\/v2\/media\/14646"}],"wp:attachment":[{"href":"https:\/\/sobedrj.com.br\/novo\/wp-json\/wp\/v2\/media?parent=14771"}],"wp:term":[{"taxonomy":"category","embeddable":true,"href":"https:\/\/sobedrj.com.br\/novo\/wp-json\/wp\/v2\/categories?post=14771"},{"taxonomy":"post_tag","embeddable":true,"href":"https:\/\/sobedrj.com.br\/novo\/wp-json\/wp\/v2\/tags?post=14771"}],"curies":[{"name":"wp","href":"https:\/\/api.w.org\/{rel}","templated":true}]}}