{"id":14871,"date":"2022-09-11T11:47:42","date_gmt":"2022-09-11T14:47:42","guid":{"rendered":"https:\/\/sobedrj.com.br\/novo\/?p=14871"},"modified":"2022-09-12T13:42:53","modified_gmt":"2022-09-12T16:42:53","slug":"estados-do-norte-do-brasil-perdem-ate-60-dos-recem-formados-em-medicina","status":"publish","type":"post","link":"https:\/\/sobedrj.com.br\/novo\/2022\/09\/11\/estados-do-norte-do-brasil-perdem-ate-60-dos-recem-formados-em-medicina\/","title":{"rendered":"Estados do Norte do Brasil perdem at\u00e9 60% dos rec\u00e9m-formados em medicina"},"content":{"rendered":"<p>fonte: <a href=\"https:\/\/www1.folha.uol.com.br\/equilibrioesaude\/2022\/07\/estados-do-norte-do-brasil-perdem-ate-60-dos-recem-formados-em-medicina.shtml?\" target=\"_blank\" rel=\"noopener\">Folha de SP<\/a><\/p>\n<p>A interioriza\u00e7\u00e3o e expans\u00e3o dos cursos de\u00a0medicina\u00a0no pa\u00eds n\u00e3o t\u00eam garantido a fixa\u00e7\u00e3o de m\u00e9dicos nas\u00a0regi\u00f5es menos assistidas por esses profissionais. Mesmo com a amplia\u00e7\u00e3o do n\u00famero de formados, alguns estados chegam a perder at\u00e9 60% dos rec\u00e9m-formados.<\/p>\n<p>A amplia\u00e7\u00e3o dos cursos de medicina se intensificou no pa\u00eds a partir de 2013, com a\u00a0lei do Mais M\u00e9dicos, sob o argumento de que a abertura de escolas m\u00e9dicas em regi\u00f5es mais desassistidas faria com que conseguissem reter os profissionais.<\/p>\n<p>Essa pol\u00edtica, por\u00e9m, n\u00e3o garantiu a fixa\u00e7\u00e3o dos m\u00e9dicos nesses locais e, hoje, entidades m\u00e9dicas temem que uma disputa bilion\u00e1ria entre grupos educacionais possa ampliar a concentra\u00e7\u00e3o desses profissionais no Sul e Sudeste do pa\u00eds.<\/p>\n<p>A\u00a0disputa, que chegou ao STF (Supremo Tribunal Federal) no fim de junho, ocorreu ap\u00f3s centenas de faculdades particulares passarem a buscar, e conseguir, liminares que as autorizam a abrir cursos de medicina sem atender aos crit\u00e9rios regionais estabelecidos pela lei do Mais M\u00e9dicos.<\/p>\n<p>As liminares tamb\u00e9m passam por cima de uma morat\u00f3ria de 2018, feita no governo Michel Temer (MDB),\u00a0impedindo novas autoriza\u00e7\u00f5es de vagas em medicina at\u00e9 abril de 2023. A suspens\u00e3o tinha como objetivo conter o\u00a0avan\u00e7o de cursos sem qualidade no pa\u00eds.<\/p>\n<p>&#8220;O que se v\u00ea no Brasil \u00e9 a cria\u00e7\u00e3o de um verdadeiro neg\u00f3cio no processo de abertura, com exclusivo interesse privado&#8221;, diz Jos\u00e9 Hiran Gallo, presidente do CFM (Conselho Federal de Medicina).<\/p>\n<p>Um levantamento feito pelo CFM identificou que os\u00a0estados com menor propor\u00e7\u00e3o de m\u00e9dicos\u00a0t\u00eam uma alta migra\u00e7\u00e3o de rec\u00e9m-formados.<\/p>\n<p>No Acre, por exemplo, de 240 alunos que se formaram em medicina entre 2018 e 2021, 62,9% foram para outros estados fazer seu primeiro registro m\u00e9dico para come\u00e7ar a atuar na profiss\u00e3o.<\/p>\n<p>O Acre \u00e9 a segunda unidade da Federa\u00e7\u00e3o com a menor densidade desses profissionais. Enquanto o pa\u00eds tem uma m\u00e9dia de 2,74 m\u00e9dicos por mil habitantes, o estado registra 1,41 m\u00e9dico por mil habitantes.<\/p>\n<div>\n<div id=\"infographic-1\" class=\"widget-infographic js-widget-infographic rs_skip\" data-url=\"https:\/\/arte.folha.uol.com.br\/cotidiano\/2022\/07\/07\/fuga-de-medicos-01\/\" data-infographic-id=\"infographic-1\"><iframe loading=\"lazy\" src=\"https:\/\/arte.folha.uol.com.br\/cotidiano\/2022\/07\/07\/fuga-de-medicos-01\/?initialWidth=630&amp;childId=infographic-1&amp;parentTitle=Estados%20perdem%20at%C3%A9%2060%25%20dos%20rec%C3%A9m-formados%20em%20medicina%20-%2009%2F07%2F2022%20-%20Equil%C3%ADbrio%20e%20Sa%C3%BAde%20-%20Folha&amp;parentUrl=https%3A%2F%2Fwww1.folha.uol.com.br%2Fequilibrioesaude%2F2022%2F07%2Festados-do-norte-do-brasil-perdem-ate-60-dos-recem-formados-em-medicina.shtml%3Futm_source%3Dnewsletter%26utm_medium%3Demail%26utm_campaign%3Dnewsmed\" width=\"100%\" height=\"1145px\" frameborder=\"0\" marginheight=\"0\" scrolling=\"no\" data-mce-fragment=\"1\"><\/iframe><\/div>\n<\/div>\n<p>Para entidades m\u00e9dicas, a pol\u00edtica de expans\u00e3o dos cursos n\u00e3o garantiu a fixa\u00e7\u00e3o dos profissionais por n\u00e3o ter criado as demais condi\u00e7\u00f5es buscadas pelos m\u00e9dicos.<\/p>\n<p>&#8220;O que ret\u00e9m o m\u00e9dico em uma regi\u00e3o hoje n\u00e3o \u00e9 a gradua\u00e7\u00e3o, \u00e9 a resid\u00eancia m\u00e9dica. Quem se forma quer ter uma especializa\u00e7\u00e3o. S\u00e3o poucas as op\u00e7\u00f5es de resid\u00eancia nessas regi\u00f5es, ent\u00e3o o profissional vai para os grandes centros, faz a especializa\u00e7\u00e3o e fica por l\u00e1&#8221;, diz Jos\u00e9 Eduardo Dolci, diretor cient\u00edfico da AMB (Associa\u00e7\u00e3o M\u00e9dica Brasileira).<\/p>\n<p>A melhora da distribui\u00e7\u00e3o m\u00e9dica no pa\u00eds, segundo as entidades, depende da interioriza\u00e7\u00e3o integral da medicina.<\/p>\n<p>&#8220;O m\u00e9dico precisa contar com infraestrutura para cuidar dos pacientes, com uma rede p\u00fablica que ofere\u00e7a leitos, exames, procedimentos. O estado tamb\u00e9m precisa garantir remunera\u00e7\u00e3o adequada e estabilidade via concurso p\u00fablico&#8221;, diz Gallo.<\/p>\n<p>A busca de uma resid\u00eancia de excel\u00eancia foi o que motivou o m\u00e9dico Guilherme Menezes, 24, a sair de Aracaju ap\u00f3s se formar em medicina na UFS (Universidade Federal de Sergipe).<\/p>\n<p>&#8220;S\u00f3 tentei a resid\u00eancia na USP por ser a que oferece o melhor ensino. Em Sergipe, h\u00e1 resid\u00eancias boas, mas S\u00e3o Paulo ainda \u00e9 a refer\u00eancia na \u00e1rea de ortopedia. Eu queria me especializar onde houvesse melhores oportunidades&#8221;, afirma.<\/p>\n<p>Menezes diz que gostaria de voltar para trabalhar em Sergipe, por\u00e9m teme n\u00e3o encontrar boas condi\u00e7\u00f5es para exercer a profiss\u00e3o. &#8220;A estrutura em alguns locais s\u00f3 permite fazer o b\u00e1sico&#8221;, afirma.<\/p>\n<p>&#8220;A estrutura prec\u00e1ria dos servi\u00e7os de sa\u00fade tamb\u00e9m coloca o m\u00e9dico em risco. A medicina n\u00e3o depende s\u00f3 do m\u00e9dico, \u00e9 preciso ter equipamentos, equipe&#8221;, acrescenta ele.<\/p>\n<h3 id=\"expansao-de-cursos-e-vagas\" class=\"c-news__subtitle\">EXPANS\u00c3O DE CURSOS E VAGAS<\/h3>\n<p>O aumento de vagas e cursos de medicina no pa\u00eds foi intensificado na \u00faltima d\u00e9cada.<\/p>\n<p>O n\u00famero de escolas de medicina mais do que dobrou desde 2010, passando de 181 para 376, em 2020, segundo dados do Censo do Ensino Superior.<\/p>\n<p>Nesse per\u00edodo, o n\u00famero de novos m\u00e9dicos formados tamb\u00e9m saltou de 12.705 para 24.046.<\/p>\n<p>Com isso, a densidade de m\u00e9dicos no pa\u00eds aumentou, passando de 1,91 m\u00e9dico por mil habitantes para 2,74 m\u00e9dicos por mil habitantes, em junho de 2022.<\/p>\n<p>Mas a propor\u00e7\u00e3o dos profissionais no Norte e Nordeste continua ainda abaixo da m\u00e9dia do pa\u00eds.<\/p>\n<div>\n<div id=\"infographic-2\" class=\"widget-infographic js-widget-infographic rs_skip\" data-url=\"https:\/\/arte.folha.uol.com.br\/cotidiano\/2022\/07\/07\/fuga-de-medicos-02\/\" data-infographic-id=\"infographic-2\"><iframe loading=\"lazy\" src=\"https:\/\/arte.folha.uol.com.br\/cotidiano\/2022\/07\/07\/fuga-de-medicos-02\/?initialWidth=630&amp;childId=infographic-2&amp;parentTitle=Estados%20perdem%20at%C3%A9%2060%25%20dos%20rec%C3%A9m-formados%20em%20medicina%20-%2009%2F07%2F2022%20-%20Equil%C3%ADbrio%20e%20Sa%C3%BAde%20-%20Folha&amp;parentUrl=https%3A%2F%2Fwww1.folha.uol.com.br%2Fequilibrioesaude%2F2022%2F07%2Festados-do-norte-do-brasil-perdem-ate-60-dos-recem-formados-em-medicina.shtml%3Futm_source%3Dnewsletter%26utm_medium%3Demail%26utm_campaign%3Dnewsmed\" width=\"100%\" height=\"1083px\" frameborder=\"0\" marginheight=\"0\" scrolling=\"no\" data-mce-fragment=\"1\"><\/iframe><\/div>\n<\/div>\n<p>A baixa densidade de m\u00e9dicos nessas regi\u00f5es \u00e9 o argumento usado por grupos educacionais que brigam na Justi\u00e7a para driblar a morat\u00f3ria de 2018. Nas a\u00e7\u00f5es, eles defendem que as restri\u00e7\u00f5es impostas pela lei do Mais M\u00e9dicos impedem a iniciativa privada.<\/p>\n<p>&#8220;A oposi\u00e7\u00e3o das entidades m\u00e9dicas \u00e0 abertura de novos cursos \u00e9 corporativista, defende os profissionais que j\u00e1 est\u00e3o no mercado, tentando diminuir a concorr\u00eancia entre m\u00e9dicos&#8221;, diz Paulo Chanan, presidente da Abrafi (Associa\u00e7\u00e3o Brasileira de Mantenedoras de Faculdades).<\/p>\n<p>A entidade, que representa principalmente institui\u00e7\u00f5es de ensino de menor porte, diz que a busca de liminares foi o \u00fanico caminho para defender a &#8220;livre concorr\u00eancia&#8221;.<\/p>\n<p>A disputa pela concorr\u00eancia levou a Anup (Associa\u00e7\u00e3o de Universidades Particulares), que re\u00fane grandes grupos educacionais, a entrar com a\u00e7\u00e3o no STF para impedir a an\u00e1lise dessas liminares.<\/p>\n<p>H\u00e1 quase 180 pedidos de liminares tramitando nos tribunais federais do pa\u00eds, que somam a permiss\u00e3o para a abertura de at\u00e9 20 mil vagas de medicina.<\/p>\n<p>&#8220;Est\u00e3o destro\u00e7ando uma pol\u00edtica p\u00fablica atrav\u00e9s de liminares&#8221;, diz Elizabeth Guedes, presidente da Anup.<\/p>\n<p>Segundo levantamento da associa\u00e7\u00e3o, as a\u00e7\u00f5es explodiram em 2021.<\/p>\n<p>&#8220;Em 2019, foram quatro pedidos. No ano seguinte, 36. Em 2021, chegou a 96 e s\u00f3 neste ano j\u00e1 s\u00e3o 40. Como cada juiz e tribunal tem um entendimento, a lei do Mais M\u00e9dicos est\u00e1 sob risco&#8221;, diz Guedes.<\/p>\n<p><strong>FACULDADES J\u00c1 CONSEGUIRAM AUTORIZA\u00c7\u00c3O<\/strong><\/p>\n<p>As liminares favor\u00e1veis garantem \u00e0s faculdades que o MEC (Minist\u00e9rio da Educa\u00e7\u00e3o) siga o protocolo de an\u00e1lise para a abertura dos cursos. Assim, t\u00e9cnicos da pasta avaliam o projeto pol\u00edtico pedag\u00f3gico, a estrutura e o corpo docente disponibilizado pela institui\u00e7\u00e3o.<\/p>\n<p>Ap\u00f3s obter a liminar, tr\u00eas faculdades conseguiram autoriza\u00e7\u00e3o do MEC para abrir novos cursos. Foram abertas 403 vagas dessa forma na UniFTC, em Feira de Santana (BA), na Faculdade de Educa\u00e7\u00e3o de Jaru (RO) e no Centro Universit\u00e1rio Dom Bosco, em S\u00e3o Lu\u00eds (MA).<\/p>\n<p>Nas duas \u00faltimas, h\u00e1 alunos matriculados para a primeira turma dos cursos.<\/p>\n<p>Em nota, o Centro Universit\u00e1rio Dom Bosco disse que a abertura do curso cumpriu todas as fases processuais regulares de avalia\u00e7\u00e3o do MEC e que obteve o conceito m\u00e1ximo para a libera\u00e7\u00e3o.<\/p>\n<p>As outras duas institui\u00e7\u00f5es n\u00e3o responderam \u00e0\u00a0<strong>Folha<\/strong>. Procurado, o MEC tamb\u00e9m n\u00e3o respondeu.<\/p>\n","protected":false},"excerpt":{"rendered":"<p>fonte: Folha de SP A interioriza\u00e7\u00e3o e expans\u00e3o dos cursos de\u00a0medicina\u00a0no pa\u00eds n\u00e3o t\u00eam garantido a fixa\u00e7\u00e3o de m\u00e9dicos nas\u00a0regi\u00f5es menos assistidas por esses profissionais. Mesmo com a amplia\u00e7\u00e3o do n\u00famero de formados, alguns estados chegam a perder at\u00e9 60% dos rec\u00e9m-formados. A amplia\u00e7\u00e3o dos cursos de medicina se intensificou no pa\u00eds a partir de [&hellip;]<\/p>\n","protected":false},"author":1,"featured_media":14129,"comment_status":"closed","ping_status":"closed","sticky":false,"template":"","format":"standard","meta":{"ngg_post_thumbnail":0,"footnotes":""},"categories":[2],"tags":[],"class_list":["post-14871","post","type-post","status-publish","format-standard","has-post-thumbnail","hentry","category-noticias"],"aioseo_notices":[],"gutentor_comment":0,"_links":{"self":[{"href":"https:\/\/sobedrj.com.br\/novo\/wp-json\/wp\/v2\/posts\/14871","targetHints":{"allow":["GET"]}}],"collection":[{"href":"https:\/\/sobedrj.com.br\/novo\/wp-json\/wp\/v2\/posts"}],"about":[{"href":"https:\/\/sobedrj.com.br\/novo\/wp-json\/wp\/v2\/types\/post"}],"author":[{"embeddable":true,"href":"https:\/\/sobedrj.com.br\/novo\/wp-json\/wp\/v2\/users\/1"}],"replies":[{"embeddable":true,"href":"https:\/\/sobedrj.com.br\/novo\/wp-json\/wp\/v2\/comments?post=14871"}],"version-history":[{"count":1,"href":"https:\/\/sobedrj.com.br\/novo\/wp-json\/wp\/v2\/posts\/14871\/revisions"}],"predecessor-version":[{"id":14873,"href":"https:\/\/sobedrj.com.br\/novo\/wp-json\/wp\/v2\/posts\/14871\/revisions\/14873"}],"wp:featuredmedia":[{"embeddable":true,"href":"https:\/\/sobedrj.com.br\/novo\/wp-json\/wp\/v2\/media\/14129"}],"wp:attachment":[{"href":"https:\/\/sobedrj.com.br\/novo\/wp-json\/wp\/v2\/media?parent=14871"}],"wp:term":[{"taxonomy":"category","embeddable":true,"href":"https:\/\/sobedrj.com.br\/novo\/wp-json\/wp\/v2\/categories?post=14871"},{"taxonomy":"post_tag","embeddable":true,"href":"https:\/\/sobedrj.com.br\/novo\/wp-json\/wp\/v2\/tags?post=14871"}],"curies":[{"name":"wp","href":"https:\/\/api.w.org\/{rel}","templated":true}]}}