{"id":15082,"date":"2022-09-11T08:46:08","date_gmt":"2022-09-11T11:46:08","guid":{"rendered":"https:\/\/sobedrj.com.br\/novo\/?p=15082"},"modified":"2022-09-12T13:44:11","modified_gmt":"2022-09-12T16:44:11","slug":"iv-forum-de-seguranca-do-paciente-ocorre-nesta-sexta-feira","status":"publish","type":"post","link":"https:\/\/sobedrj.com.br\/novo\/2022\/09\/11\/iv-forum-de-seguranca-do-paciente-ocorre-nesta-sexta-feira\/","title":{"rendered":"IV F\u00f3rum de Seguran\u00e7a do Paciente ocorre nesta sexta-feira"},"content":{"rendered":"<p>fonte: <a href=\"https:\/\/portal.cfm.org.br\/noticias\/inscricoes-abertas-para-o-iv-forum-de-seguranca-do-paciente\/\" target=\"_blank\" rel=\"noopener\">CFM<\/a><\/p>\n<p>Prote\u00e7\u00e3o \u00e0 Sa\u00fade \u00e9 o tema geral do IV F\u00f3rum de Seguran\u00e7a do Paciente do Conselho Federal de Medicina (CFM), que ser\u00e1 realizado de forma on-line, das 14 \u00e0s 18h, do dia 16 de setembro.<\/p>\n<p><a href=\"https:\/\/sistemas.cfm.org.br\/eventos\/participante\/cadastro\/06983ffb5977421b8edd951ae1c749ac\" target=\"_blank\" rel=\"noopener\">FA\u00c7A SUA INSCRI\u00c7\u00c3O GRATUITA<\/a><\/p>\n<p>O webinar contar\u00e1 com especialistas integrantes da C\u00e2mara T\u00e9cnica de Seguran\u00e7a do\u00a0 Paciente do CFM e outros convidados. Eles far\u00e3o seis palestras distribu\u00eddas em duas mesas-redondas, a primeira abordar\u00e1 o N\u00facleo de Seguran\u00e7a do Paciente e a segunda os Desafios na Seguran\u00e7a do Paciente.<\/p>\n<p>Entre os temas das palestras est\u00e3o: O que seria cultura justa em Seguran\u00e7a do Paciente? Defini\u00e7\u00f5es e Conceitos; O que aprendemos na Seguran\u00e7a do Paciente com a Epidemia da Covid-19; As falhas humanas em casos de Seguran\u00e7a do Paciente.<\/p>\n<p>Est\u00e1 prevista a entrega de certificado para os inscritos previamente para participarem pela plataforma Zoom. A videoconfer\u00eancia ser\u00e1 tamb\u00e9m transmitida ao vivo pelo canal do CFM no YouTube, mas sem certificado. As inscri\u00e7\u00f5es gratuitas podem ser feitas\u00a0<a href=\"https:\/\/sistemas.cfm.org.br\/eventos\/participante\/cadastro\/06983ffb5977421b8edd951ae1c749ac\"><strong>AQUI.<\/strong><\/a><\/p>\n<p>Confira a programa\u00e7\u00e3o completa do f\u00f3rum:<\/p>\n<p><strong>IV F\u00f3rum de Seguran\u00e7a do Paciente do CFM<\/strong><\/p>\n<p><strong>14h00 \u00e0s 14h05 \u2013 Mesa de Abertura<\/strong><\/p>\n<p><em>Jos\u00e9 Hiran da Silva Gallo\u00a0<\/em>\u2013 presidente do Conselho Federal de Medicina<br \/>\n<em>Carlos Magno Pretti Dalapicola\u00a0<\/em>\u2013 2\u00ba tesoureiro do Conselho Federal de Medicina e coordenador da C\u00e2mara T\u00e9cnica de Seguran\u00e7a do Paciente<\/p>\n<p><strong>14h05 \u00e0s 16h00 \u2013 1\u00aa Mesa Redonda: N\u00facleo de Seguran\u00e7a do Paciente<\/strong><\/p>\n<p><strong>Presidente:<\/strong>\u00a0<em>Florentino de Ara\u00fajo Cardoso Filho<\/em>\u00a0\u2013 conselheiro federal e membro da C\u00e2mara T\u00e9cnica de Seguran\u00e7a do Paciente<br \/>\n<strong>Secret\u00e1ria:<\/strong>\u00a0<em>Helidea de Oliveira Lima<\/em>\u00a0\u2013 membro da C\u00e2mara T\u00e9cnica de Seguran\u00e7a do Paciente<\/p>\n<p><strong>14h10<\/strong>\u00a0\u2013 O Que Seria Cultura Justa em Seguran\u00e7a do Paciente? Defini\u00e7\u00f5es e Conceitos<\/p>\n<p><strong>Expositora:<\/strong>\u00a0<em>Maria Dolabela de Magalh\u00e3es\u00a0<\/em>\u2013 Coordena\u00e7\u00e3o de Qualidade e Seguran\u00e7a do Paciente das Institui\u00e7\u00f5es Afiliadas da Associa\u00e7\u00e3o Paulista para o Desenvolvimento da Medicina<\/p>\n<p><strong>14h35 \u2013\u00a0<\/strong>Import\u00e2ncia do n\u00facleo de seguran\u00e7a no ambiente hospitalar<br \/>\n<strong>Expositor:<\/strong>\u00a0<em>William Nascimento Viana<\/em>\u00a0\u2013 diretor m\u00e9dico do Hospital Gl\u00f3ria D\u2019Or<\/p>\n<p><strong>15h00 \u2013\u00a0<\/strong>Como o n\u00facleo de seguran\u00e7a atua no ambiente hospitalar. Avalia\u00e7\u00e3o do evento adverso<\/p>\n<p><strong>Expositor(a):<\/strong>\u00a0<em>Jos\u00e9 Mauro Vieira J\u00fanior<\/em>\u00a0\u2013 diretor do Instituto de Qualidade e Seguran\u00e7a do Hospital S\u00edrio-Liban\u00eas<\/p>\n<p><strong>15h25 \u00e0s 16h00 \u2013 Debates<\/strong><\/p>\n<p><strong>16h00 \u00e0s 17h35 \u2013 2\u00aa Mesa Redonda: Desafios na Seguran\u00e7a do Paciente<\/strong><br \/>\n<strong>Presidente:<\/strong>\u00a0<em>Domingos S\u00e1vio Matos Dantas<\/em>\u00a0\u2013 conselheiro federal e membro da C\u00e2mara T\u00e9cnica de Seguran\u00e7a do Paciente<br \/>\n<strong>Secret\u00e1ria:<\/strong>\u00a0<em>Helidea de Oliveira Lima<\/em>\u00a0\u2013 membro da C\u00e2mara T\u00e9cnica de Seguran\u00e7a do Paciente<\/p>\n<p><strong>16h05<\/strong>\u00a0<strong>\u2013 O que aprendemos na seguran\u00e7a do paciente com a epidemia da<\/strong>\u00a0<strong>covid-19<\/strong><br \/>\n<strong>Expositor(a):<\/strong>\u00a0<em>Rubia Mara Sim\u00f5es Martins<\/em>\u00a0\u2013 ginecologista e obstetra<\/p>\n<p><strong>16h30 \u2013 As falhas humanas em casos de seguran\u00e7a do paciente<\/strong><br \/>\n<strong>Expositor:<\/strong>\u00a0<em>Ant\u00f4nio Capone Neto<\/em>\u00a0\u2013 especialista em cl\u00ednica m\u00e9dica e medicina intensiva<\/p>\n<p><strong>16h55 \u2013 Transfus\u00e3o de Sangue em Testemunha de Jeov\u00e1<\/strong><br \/>\n<strong>Expositor:<\/strong>\u00a0<em>Irimar de Paula Posso<\/em>\u00a0\u2013 advogado e anestesiologista<\/p>\n<p><strong>17h20 \u00e0s 17h50 \u2013 Debates<\/strong><\/p>\n<p><strong>17h50 \u00e0s 18h00 \u2013 Encerramento\u00a0<\/strong><\/p>\n<p><em>Carlos Magno Pretti Dalapicola<\/em>\u00a0\u2013 2\u00ba tesoureiro do CFM e coordenador da C\u00e2mara T\u00e9cnica de Seguran\u00e7a do Paciente<\/p>\n","protected":false},"excerpt":{"rendered":"<p>fonte: CFM Prote\u00e7\u00e3o \u00e0 Sa\u00fade \u00e9 o tema geral do IV F\u00f3rum de Seguran\u00e7a do Paciente do Conselho Federal de Medicina (CFM), que ser\u00e1 realizado de forma on-line, das 14 \u00e0s 18h, do dia 16 de setembro. FA\u00c7A SUA INSCRI\u00c7\u00c3O GRATUITA O webinar contar\u00e1 com especialistas integrantes da C\u00e2mara T\u00e9cnica de Seguran\u00e7a do\u00a0 Paciente do [&hellip;]<\/p>\n","protected":false},"author":1,"featured_media":15084,"comment_status":"closed","ping_status":"closed","sticky":false,"template":"","format":"standard","meta":{"ngg_post_thumbnail":0,"footnotes":""},"categories":[2],"tags":[],"class_list":["post-15082","post","type-post","status-publish","format-standard","has-post-thumbnail","hentry","category-noticias"],"aioseo_notices":[],"gutentor_comment":0,"_links":{"self":[{"href":"https:\/\/sobedrj.com.br\/novo\/wp-json\/wp\/v2\/posts\/15082","targetHints":{"allow":["GET"]}}],"collection":[{"href":"https:\/\/sobedrj.com.br\/novo\/wp-json\/wp\/v2\/posts"}],"about":[{"href":"https:\/\/sobedrj.com.br\/novo\/wp-json\/wp\/v2\/types\/post"}],"author":[{"embeddable":true,"href":"https:\/\/sobedrj.com.br\/novo\/wp-json\/wp\/v2\/users\/1"}],"replies":[{"embeddable":true,"href":"https:\/\/sobedrj.com.br\/novo\/wp-json\/wp\/v2\/comments?post=15082"}],"version-history":[{"count":2,"href":"https:\/\/sobedrj.com.br\/novo\/wp-json\/wp\/v2\/posts\/15082\/revisions"}],"predecessor-version":[{"id":15230,"href":"https:\/\/sobedrj.com.br\/novo\/wp-json\/wp\/v2\/posts\/15082\/revisions\/15230"}],"wp:featuredmedia":[{"embeddable":true,"href":"https:\/\/sobedrj.com.br\/novo\/wp-json\/wp\/v2\/media\/15084"}],"wp:attachment":[{"href":"https:\/\/sobedrj.com.br\/novo\/wp-json\/wp\/v2\/media?parent=15082"}],"wp:term":[{"taxonomy":"category","embeddable":true,"href":"https:\/\/sobedrj.com.br\/novo\/wp-json\/wp\/v2\/categories?post=15082"},{"taxonomy":"post_tag","embeddable":true,"href":"https:\/\/sobedrj.com.br\/novo\/wp-json\/wp\/v2\/tags?post=15082"}],"curies":[{"name":"wp","href":"https:\/\/api.w.org\/{rel}","templated":true}]}}