{"id":1526,"date":"2015-11-16T16:29:27","date_gmt":"2015-11-16T16:29:27","guid":{"rendered":"http:\/\/sobedrj.com.br\/novo\/?p=1526"},"modified":"2015-11-16T18:53:19","modified_gmt":"2015-11-16T18:53:19","slug":"fundacao-saude-recua-e-garante-licenca-maternidade-para-180-dias-para-medicas-e-demais-servidoras-da-saude-estadual-do-rio-de-janeiro","status":"publish","type":"post","link":"https:\/\/sobedrj.com.br\/novo\/2015\/11\/16\/fundacao-saude-recua-e-garante-licenca-maternidade-para-180-dias-para-medicas-e-demais-servidoras-da-saude-estadual-do-rio-de-janeiro\/","title":{"rendered":"Funda\u00e7\u00e3o Sa\u00fade recua e garante licen\u00e7a-maternidade para 180 dias para m\u00e9dicas e demais servidoras da sa\u00fade estadual do Rio de Janeiro"},"content":{"rendered":"<p><img loading=\"lazy\" decoding=\"async\" class=\"alignleft size-medium wp-image-1527\" src=\"http:\/\/sobedrj.com.br\/novo\/wp-content\/uploads\/2015\/11\/gravidez-300x226.jpg\" alt=\"gravidez\" width=\"300\" height=\"226\" \/>fonte: Sinmed-RJ<\/p>\n<p>Ap\u00f3s den\u00fancia feita pelo Sindicato dos M\u00e9dicos do Rio de Janeiro (SINMED\/RJ) ao Secret\u00e1rio Estadual de Sa\u00fade, Felipe Peixoto, e ao Minist\u00e9rio P\u00fablico do Trabalho (MPT), que instaurou inqu\u00e9rito civil, a Funda\u00e7\u00e3o Sa\u00fade \u2013 gestora da sa\u00fade p\u00fablica no estado do Rio de Janeiro &#8211; reformulou o seu posicionamento e voltou a garantir\u00a0a extens\u00e3o da licen\u00e7a-maternidade para 180 dias, com a institui\u00e7\u00e3o de licen\u00e7a aleitamento vari\u00e1vel de 30 a 90 dias.<\/p>\n<p>&nbsp;<\/p>\n<p>&#8220;O governo estadual tentou mais uma vez administrar a sa\u00fade com regras inaceit\u00e1veis. As m\u00e9dicas gr\u00e1vidas pediram ajuda e n\u00f3s agimos para restabelecer o direito consagrado na lei&#8221;, salientou o presidente do SINMED\/RJ, Jorge Darze.<\/p>\n<p>&nbsp;<\/p>\n<p>O direito \u00e9 devido a todas as empregadas p\u00fablicas e ocupantes de cargos em comiss\u00e3o integrantes do quadro da Funda\u00e7\u00e3o Sa\u00fade, conforme prev\u00ea a Lei Complementar Estadual n\u00b0 128\/2009.<\/p>\n<p>&nbsp;<\/p>\n<p>A Funda\u00e7\u00e3o Sa\u00fade alega que acionou a Procuradoria Geral do Estado para dar o seu parecer diante do \u201cconflito jur\u00eddico provocado pela Secretaria de Estado de Gest\u00e3o e Planejamento (SEPLAG), que entendia que o per\u00edodo de licen\u00e7a-maternidade<strong>\u00a0<\/strong>a ser aplicado seria de 120 dias\u201d, conforme prev\u00ea o Art. 392 da Consolida\u00e7\u00e3o das Leis do Trabalho.<\/p>\n<p>&nbsp;<\/p>\n<p>Cerca de tr\u00eas mil funcion\u00e1rias (92% do quadro) da rede estadual de Sa\u00fade est\u00e3o em idade f\u00e9rtil, estando, portanto, com esse direito garantido. A Funda\u00e7\u00e3o Sa\u00fade foi notificada, no dia 05 de novembro, sobre o inqu\u00e9rito civil instaurado a partir de den\u00fancia formulada pelo Departamento Jur\u00eddico do SINMED\/RJ.<\/p>\n<p>&nbsp;<\/p>\n<p>\u201cA manuten\u00e7\u00e3o da licen\u00e7a maternidade de 120 dias se caracterizaria como um verdadeiro retrocesso, ferindo os princ\u00edpios constitucionais e da administra\u00e7\u00e3o p\u00fablica, prejudicando n\u00e3o s\u00f3 as empregadas, mas, principalmente, atentando contra o bem-estar dos seus filhos\u201d, Renata Zaed, advogada do Departamento Jur\u00eddico do sindicato.<\/p>\n","protected":false},"excerpt":{"rendered":"<p>fonte: Sinmed-RJ Ap\u00f3s den\u00fancia feita pelo Sindicato dos M\u00e9dicos do Rio de Janeiro (SINMED\/RJ) ao Secret\u00e1rio Estadual de Sa\u00fade, Felipe Peixoto, e ao Minist\u00e9rio P\u00fablico do Trabalho (MPT), que instaurou inqu\u00e9rito civil, a Funda\u00e7\u00e3o Sa\u00fade \u2013 gestora da sa\u00fade p\u00fablica no estado do Rio de Janeiro &#8211; reformulou o seu posicionamento e voltou a garantir\u00a0a [&hellip;]<\/p>\n","protected":false},"author":1,"featured_media":0,"comment_status":"closed","ping_status":"open","sticky":false,"template":"","format":"standard","meta":{"ngg_post_thumbnail":0,"footnotes":""},"categories":[2],"tags":[],"class_list":["post-1526","post","type-post","status-publish","format-standard","hentry","category-noticias"],"aioseo_notices":[],"gutentor_comment":0,"_links":{"self":[{"href":"https:\/\/sobedrj.com.br\/novo\/wp-json\/wp\/v2\/posts\/1526","targetHints":{"allow":["GET"]}}],"collection":[{"href":"https:\/\/sobedrj.com.br\/novo\/wp-json\/wp\/v2\/posts"}],"about":[{"href":"https:\/\/sobedrj.com.br\/novo\/wp-json\/wp\/v2\/types\/post"}],"author":[{"embeddable":true,"href":"https:\/\/sobedrj.com.br\/novo\/wp-json\/wp\/v2\/users\/1"}],"replies":[{"embeddable":true,"href":"https:\/\/sobedrj.com.br\/novo\/wp-json\/wp\/v2\/comments?post=1526"}],"version-history":[{"count":1,"href":"https:\/\/sobedrj.com.br\/novo\/wp-json\/wp\/v2\/posts\/1526\/revisions"}],"predecessor-version":[{"id":1528,"href":"https:\/\/sobedrj.com.br\/novo\/wp-json\/wp\/v2\/posts\/1526\/revisions\/1528"}],"wp:attachment":[{"href":"https:\/\/sobedrj.com.br\/novo\/wp-json\/wp\/v2\/media?parent=1526"}],"wp:term":[{"taxonomy":"category","embeddable":true,"href":"https:\/\/sobedrj.com.br\/novo\/wp-json\/wp\/v2\/categories?post=1526"},{"taxonomy":"post_tag","embeddable":true,"href":"https:\/\/sobedrj.com.br\/novo\/wp-json\/wp\/v2\/tags?post=1526"}],"curies":[{"name":"wp","href":"https:\/\/api.w.org\/{rel}","templated":true}]}}