{"id":1564,"date":"2015-12-01T13:31:14","date_gmt":"2015-12-01T13:31:14","guid":{"rendered":"http:\/\/sobedrj.com.br\/novo\/?p=1564"},"modified":"2015-12-01T14:41:13","modified_gmt":"2015-12-01T14:41:13","slug":"brasil-aumenta-numero-de-medicos-mas-mantem-desigualdade-na-distribuicao","status":"publish","type":"post","link":"https:\/\/sobedrj.com.br\/novo\/2015\/12\/01\/brasil-aumenta-numero-de-medicos-mas-mantem-desigualdade-na-distribuicao\/","title":{"rendered":"Brasil aumenta n\u00famero de m\u00e9dicos, mas mant\u00e9m desigualdade na distribui\u00e7\u00e3o"},"content":{"rendered":"<p><img loading=\"lazy\" decoding=\"async\" class=\"alignleft size-medium wp-image-614\" src=\"http:\/\/sobedrj.com.br\/novo\/wp-content\/uploads\/2015\/04\/6bc8c9516a69ef41f77ff0355ffcca4c-300x200.jpg\" alt=\"medicos\" width=\"300\" height=\"200\" \/>fonte: Ag\u00eancia Brasil<\/p>\n<p>Dados do relat\u00f3rio Demografia M\u00e9dica no Brasil 2015 indicam que cerca de 400 mil m\u00e9dicos atuam no Brasil. De acordo com os n\u00fameros divulgados hoje (30)\u00a0pelos conselhos Regional de Medicina de S\u00e3o Paulo (Cremesp) e Federal de Medicina (CFM), o\u00a0total de registros de m\u00e9dicos no pa\u00eds \u00e9 de 432.870, mas 33.178 registros se referem a registros secund\u00e1rios, ou seja, s\u00e3o de profissionais com mais de um registro nos conselhos regionais.<\/p>\n<p>A segunda inscri\u00e7\u00e3o ocorre quando o m\u00e9dico trabalha em \u00e1reas fronteiri\u00e7as entre dois estados [e ele t\u00eam registro em mais de um conselho] ou quando ele muda temporariamente para fazer cursos ou especializa\u00e7\u00f5es. Deduzidos os registros secund\u00e1rios, o total de m\u00e9dicos no pa\u00eds soma 399.692 profissionais.<\/p>\n<p>Considerando-se o total de registros m\u00e9dicos no pa\u00eds, j\u00e1 que um m\u00e9dico pode atuar em estados diferentes, o Brasil tem, em m\u00e9dia 2,11 m\u00e9dicos para cada grupo de mil pessoas. A taxa \u00e9 muito pr\u00f3xima a de pa\u00edses desenvolvidos como Estados Unidos [m\u00e9dia de 2,5 m\u00e9dicos por grupo de mil habitantes], Canad\u00e1 (2,4) e Jap\u00e3o (2,2). Segundo M\u00e1rio Scheffer, coordenador do estudo, nessa m\u00e9dia n\u00e3o \u00e9 considerada o n\u00famero total de m\u00e9dicos, mas o de registro, porque \u201cum m\u00e9dico com dois registros tem de ser contado nos dois estados, porque ele \u00e9 m\u00e3o de obra para ambos\u201d.<\/p>\n<p><strong>Desigualdade<\/strong><\/p>\n<p>A distribui\u00e7\u00e3o desses m\u00e9dicos pelo pa\u00eds \u00e9 muito desigual tanto entre as unidades da Federa\u00e7\u00e3o quanto em rela\u00e7\u00e3o a capitais e interior do pa\u00eds. A regi\u00e3o Sudeste, por exemplo, concentra mais da metade dos m\u00e9dicos do pa\u00eds (55,3%), enquanto a regi\u00e3o Norte tem apenas 4,4% desse total, seguida pelo Centro-Oeste, com 7,9%.<\/p>\n<p>O estado do Maranh\u00e3o disp\u00f5e de 5.396 m\u00e9dicos, o que corresponde a 1,3% do total de profissionais brasileiros, enquanto sua popula\u00e7\u00e3o corresponde a 3,4% do total nacional. A m\u00e9dia \u00e9 a mais baixa do pa\u00eds, de 0,79 profissionais para cada grupo de mil pessoas. O estado de S\u00e3o Paulo concentra 117.995 m\u00e9dicos (28,1% do total), para uma popula\u00e7\u00e3o que corresponde a 21,7% do pa\u00eds [2,7 m\u00e9dicos a cada grupo de mil]. O Distrito Federal \u00e9 a unidade federativa com maior concentra\u00e7\u00e3o de m\u00e9dicos por grupo de pessoas do pa\u00eds: 4,28 m\u00e9dicos a cada mil pessoas.<\/p>\n<p>As 27 capitais do pa\u00eds concentram 55,24% do total de registros de m\u00e9dicos, embora a popula\u00e7\u00e3o dessas cidades represente apenas 23,80% do pa\u00eds. Todas as 5.543 cidades do interior t\u00eam 44,76% dos m\u00e9dicos, enquanto sua popula\u00e7\u00e3o soma 76,2% do Brasil. Com isso, a taxa de m\u00e9dicos por grupos de mil habitantes soma 4,84 nas capitais e 1,23 m\u00e9dicos no interior.<\/p>\n<p>\u201cO m\u00e9dico \u00e9 um profissional que demora 12 anos para se formar. Ele n\u00e3o vai trabalhar em lugares distantes se n\u00e3o houver boas condi\u00e7\u00f5es para sua fam\u00edlia. O relat\u00f3rio mostra que abrir escolas n\u00e3o resolver\u00e1 o problema porque a maioria deles [m\u00e9dicos] vai trabalhar em cidades com mais de 50 mil habitantes. O governo precisa desenvolver uma pol\u00edtica de interioriza\u00e7\u00e3o\u201d, defendeu Bra\u00falio Luna, presidente do Cremesp.<\/p>\n<p><strong>Perfil<\/strong><\/p>\n<p>Em 2014, os homens eram maioria dos m\u00e9dicos no pa\u00eds (57,5% do total), mas h\u00e1 uma tend\u00eancia de feminiza\u00e7\u00e3o da medicina no Brasil. \u201cDesde 2010, h\u00e1 mais registros de mulheres que de homens. A profiss\u00e3o ainda \u00e9 masculina, mas isso est\u00e1 mudando\u201d, afirmou M\u00e1rio Scheffer. Desde 2011, 52,6% dos m\u00e9dicos eram mulheres. No ano passado, esse n\u00famero j\u00e1 correspondia a 54,8% do total.<\/p>\n<p>Segundo Scheffer, a maior presen\u00e7a das mulheres na medicina vem acompanhada de desigualdade. \u201cAs mulheres recebem menos, embora tenham v\u00ednculos e carga hor\u00e1ria equivalentes aos homens.\u201d<\/p>\n<p>A idade m\u00e9dia dos m\u00e9dicos em atividade no pa\u00eds chega a 45,7 anos. \u00a0Conforme o estudo, essa m\u00e9dia vem caindo ao longo do tempo, resultado da entrada de novos m\u00e9dicos no mercado de trabalho.<\/p>\n<p><strong>Sal\u00e1rio<\/strong><\/p>\n<p>A maioria dos m\u00e9dicos tem mais de um emprego e se submete a longas jornadas semanais de trabalho. Do total de m\u00e9dicos do pa\u00eds, apenas 22% t\u00eam somente um empregador. O restante tem entre dois ou mais v\u00ednculos.<\/p>\n<p>A maioria dos m\u00e9dicos [75,5% do total] trabalha mais de 40 horas semanais. O sal\u00e1rio da maioria [62,4%] \u00e9 de R$ 16 mil mensais. No entanto, o sal\u00e1rio \u00e9 considerado baixo pelo presidente do CFM, Carlos Vital. Segundo ele, o ideal seria um sal\u00e1rio de R$ 11 mil por 20 horas semanais ou R$ 22 mil por 40 horas.<\/p>\n<p>\u201cEssa \u00e9 a proposta que a categoria m\u00e9dica tem defendido. Mas o governo paga, em m\u00e9dia, R$ 6 mil por 40 horas semanais. Isso \u00e9 extremamente desmotivador\u201d, afirmou Bra\u00falio Luna, presidente do Cremesp.<\/p>\n<p>Para Vital, a PEC 459, em tramita\u00e7\u00e3o na C\u00e2mara dos Deputados desde 2009 e que institui a carreira de estado para o m\u00e9dico brasileiro, poderia ajudar a resolver esse problema salarial e garantir condi\u00e7\u00f5es dignas para o exerc\u00edcio da profiss\u00e3o. \u201cA PEC reconhece o exerc\u00edcio da medicina como essencial ao estado. A lei \u00e9 que ir\u00e1, posteriormente, regulamentar e determinar esses sal\u00e1rios\u201d, concluiu.<\/p>\n","protected":false},"excerpt":{"rendered":"<p>fonte: Ag\u00eancia Brasil Dados do relat\u00f3rio Demografia M\u00e9dica no Brasil 2015 indicam que cerca de 400 mil m\u00e9dicos atuam no Brasil. De acordo com os n\u00fameros divulgados hoje (30)\u00a0pelos conselhos Regional de Medicina de S\u00e3o Paulo (Cremesp) e Federal de Medicina (CFM), o\u00a0total de registros de m\u00e9dicos no pa\u00eds \u00e9 de 432.870, mas 33.178 registros [&hellip;]<\/p>\n","protected":false},"author":1,"featured_media":0,"comment_status":"closed","ping_status":"open","sticky":false,"template":"","format":"standard","meta":{"ngg_post_thumbnail":0,"footnotes":""},"categories":[2],"tags":[],"class_list":["post-1564","post","type-post","status-publish","format-standard","hentry","category-noticias"],"aioseo_notices":[],"gutentor_comment":0,"_links":{"self":[{"href":"https:\/\/sobedrj.com.br\/novo\/wp-json\/wp\/v2\/posts\/1564","targetHints":{"allow":["GET"]}}],"collection":[{"href":"https:\/\/sobedrj.com.br\/novo\/wp-json\/wp\/v2\/posts"}],"about":[{"href":"https:\/\/sobedrj.com.br\/novo\/wp-json\/wp\/v2\/types\/post"}],"author":[{"embeddable":true,"href":"https:\/\/sobedrj.com.br\/novo\/wp-json\/wp\/v2\/users\/1"}],"replies":[{"embeddable":true,"href":"https:\/\/sobedrj.com.br\/novo\/wp-json\/wp\/v2\/comments?post=1564"}],"version-history":[{"count":1,"href":"https:\/\/sobedrj.com.br\/novo\/wp-json\/wp\/v2\/posts\/1564\/revisions"}],"predecessor-version":[{"id":1565,"href":"https:\/\/sobedrj.com.br\/novo\/wp-json\/wp\/v2\/posts\/1564\/revisions\/1565"}],"wp:attachment":[{"href":"https:\/\/sobedrj.com.br\/novo\/wp-json\/wp\/v2\/media?parent=1564"}],"wp:term":[{"taxonomy":"category","embeddable":true,"href":"https:\/\/sobedrj.com.br\/novo\/wp-json\/wp\/v2\/categories?post=1564"},{"taxonomy":"post_tag","embeddable":true,"href":"https:\/\/sobedrj.com.br\/novo\/wp-json\/wp\/v2\/tags?post=1564"}],"curies":[{"name":"wp","href":"https:\/\/api.w.org\/{rel}","templated":true}]}}