{"id":1573,"date":"2015-12-01T14:12:13","date_gmt":"2015-12-01T14:12:13","guid":{"rendered":"http:\/\/sobedrj.com.br\/novo\/?p=1573"},"modified":"2015-12-01T14:39:45","modified_gmt":"2015-12-01T14:39:45","slug":"mp-pretende-acompanhar-com-rigor-privatizacoes-e-administracoes-de-oss-na-rede-publica-de-saude","status":"publish","type":"post","link":"https:\/\/sobedrj.com.br\/novo\/2015\/12\/01\/mp-pretende-acompanhar-com-rigor-privatizacoes-e-administracoes-de-oss-na-rede-publica-de-saude\/","title":{"rendered":"MP pretende acompanhar, com rigor, privatiza\u00e7\u00f5es e administra\u00e7\u00f5es de OSs na rede p\u00fablica de sa\u00fade"},"content":{"rendered":"<p><img loading=\"lazy\" decoding=\"async\" class=\"alignleft size-medium wp-image-676\" src=\"http:\/\/sobedrj.com.br\/novo\/wp-content\/uploads\/2015\/05\/tribunal1-300x200.jpg\" alt=\"justica\" width=\"300\" height=\"200\" \/>fonte: Sinmed\/RJ<\/p>\n<p>O Minist\u00e9rio P\u00fablico do Estado do Rio de Janeiro (MP-RJ) pretende aumentar o controle sobre o funcionamento do modelo de privatiza\u00e7\u00e3o da sa\u00fade. O \u00f3rg\u00e3o quer acompanhar o cumprimento dos contratos das Organiza\u00e7\u00f5es Sociais que administram unidades p\u00fablicas. \u201cA entrega do p\u00fablico ao privado j\u00e1 \u00e9 um cap\u00edtulo de nossas a\u00e7\u00f5es\u201d, informou a promotora de Justi\u00e7a Denise da Silva Vidal, durante mais uma reuni\u00e3o do Sindicato dos M\u00e9dicos do Rio de Janeiro (SINMED\/RJ) com o MP, nesta segunda-feira (23).<\/p>\n<p>O SINMED\/RJ e o Conselho Regional de Medicina do Estado do Rio de Janeiro (CREMERJ) est\u00e3o participando de reuni\u00f5es peri\u00f3dicas com o MP com o objetivo de fornecer dados t\u00e9cnicos que possam auxiliar no conte\u00fado de a\u00e7\u00f5es e liminares referentes ao Sistema \u00danico de Sa\u00fade (SUS).<\/p>\n<p>Al\u00e9m disso, as equipes jur\u00eddicas do sindicato e do conselho v\u00e3o se reunir com o Minist\u00e9rio P\u00fablico para estudar o melhor tipo de a\u00e7\u00e3o para cada pauta \u2013 entre elas o Programa de Capacita\u00e7\u00e3o de M\u00e9dicos em Ambiente Hospitalar, a contrata\u00e7\u00e3o de OSs e a privatiza\u00e7\u00e3o do setor p\u00fablico. O MP afima desconhecer a efici\u00eancia da terceiriza\u00e7\u00e3o, j\u00e1 que n\u00e3o foram apresentados ainda par\u00e2metros de compara\u00e7\u00e3o entre uma gest\u00e3o totalmente p\u00fablica e a gest\u00e3o privada ou mista.<br \/>\n<strong><br \/>\nResidentes da UERJ<\/strong><\/p>\n<p>O m\u00e9dico residente da UERJ, Vitor Alvarenga, participou da reuni\u00e3o e denunciou as precariedades pelas quais passam o Hospital Universit\u00e1rio Pedro Ernesto (HUPE) e seus funcion\u00e1rios \u2013 residentes e terceirizados. \u201cN\u00e3o temos a preceptoria que esper\u00e1vamos. Deveria haver mais valoriza\u00e7\u00e3o deste profissional de forma que evite certos desvios de conduta\u201d.<\/p>\n<p>Os m\u00e9dicos residentes recebem uma bolsa no valor de R$2.900 para o cumprimento de 60 horas de trabalho semanais. Entretanto, de acordo com Alvarenga, \u00e9 comum ultrapassar esta carga hor\u00e1ria. \u201cInicialmente, receb\u00edamos todo dia 10. Depois, foi negociado o dia 17 para o pagamento, por\u00e9m, sempre receb\u00edamos com atraso, por volta do dia 20\u201d, denunciou.<\/p>\n<p>Os residentes da UERJ entraram em paralisa\u00e7\u00e3o por tempo indeterminado, nesta segunda-feira (23), quando foi realizada uma manifesta\u00e7\u00e3o em frente ao HUPE e ao pr\u00e9dio da universidade. A reitoria realizou um debate imediato da pauta de reivindica\u00e7\u00f5es e orientou que os residentes marquem reuni\u00f5es com as secretarias de Fazenda e de Ci\u00eancia e Tecnologia.<\/p>\n<p>\u201cEssa iniciativa do governo, de chamar para conversar, tem sido pouco resolutiva. O governo faz isso para ganhar tempo e enfraquecer o movimento\u201d, denunciou o presidente do SINMED\/RJ, Jorge Darze.<\/p>\n<p>Vitor Alvarenga informou que \u201cj\u00e1 est\u00e3o sendo bloqueados leitos de interna\u00e7\u00e3o no HUPE\u201d. Sem condi\u00e7\u00f5es de funcionamento, a Uerj divulgou ontem o comunicado, alegando &#8220;estado de insalubridade por conta da descontinuidade dos servi\u00e7os terceirizados, que afeta a seguran\u00e7a das pessoas e do patrim\u00f4nio p\u00fablico.<\/p>\n<p>Tamb\u00e9m participaram da reuni\u00e3o os diretores do SINMED\/RJ, Ronaldo Alves e Julio Noronha e os diretores do CREMERJ, Nelson Nahon, Gil Sim\u00f5es e Carlos Enaldo.<\/p>\n","protected":false},"excerpt":{"rendered":"<p>fonte: Sinmed\/RJ O Minist\u00e9rio P\u00fablico do Estado do Rio de Janeiro (MP-RJ) pretende aumentar o controle sobre o funcionamento do modelo de privatiza\u00e7\u00e3o da sa\u00fade. O \u00f3rg\u00e3o quer acompanhar o cumprimento dos contratos das Organiza\u00e7\u00f5es Sociais que administram unidades p\u00fablicas. \u201cA entrega do p\u00fablico ao privado j\u00e1 \u00e9 um cap\u00edtulo de nossas a\u00e7\u00f5es\u201d, informou a [&hellip;]<\/p>\n","protected":false},"author":1,"featured_media":0,"comment_status":"closed","ping_status":"open","sticky":false,"template":"","format":"standard","meta":{"ngg_post_thumbnail":0,"footnotes":""},"categories":[2],"tags":[],"class_list":["post-1573","post","type-post","status-publish","format-standard","hentry","category-noticias"],"aioseo_notices":[],"gutentor_comment":0,"_links":{"self":[{"href":"https:\/\/sobedrj.com.br\/novo\/wp-json\/wp\/v2\/posts\/1573","targetHints":{"allow":["GET"]}}],"collection":[{"href":"https:\/\/sobedrj.com.br\/novo\/wp-json\/wp\/v2\/posts"}],"about":[{"href":"https:\/\/sobedrj.com.br\/novo\/wp-json\/wp\/v2\/types\/post"}],"author":[{"embeddable":true,"href":"https:\/\/sobedrj.com.br\/novo\/wp-json\/wp\/v2\/users\/1"}],"replies":[{"embeddable":true,"href":"https:\/\/sobedrj.com.br\/novo\/wp-json\/wp\/v2\/comments?post=1573"}],"version-history":[{"count":1,"href":"https:\/\/sobedrj.com.br\/novo\/wp-json\/wp\/v2\/posts\/1573\/revisions"}],"predecessor-version":[{"id":1574,"href":"https:\/\/sobedrj.com.br\/novo\/wp-json\/wp\/v2\/posts\/1573\/revisions\/1574"}],"wp:attachment":[{"href":"https:\/\/sobedrj.com.br\/novo\/wp-json\/wp\/v2\/media?parent=1573"}],"wp:term":[{"taxonomy":"category","embeddable":true,"href":"https:\/\/sobedrj.com.br\/novo\/wp-json\/wp\/v2\/categories?post=1573"},{"taxonomy":"post_tag","embeddable":true,"href":"https:\/\/sobedrj.com.br\/novo\/wp-json\/wp\/v2\/tags?post=1573"}],"curies":[{"name":"wp","href":"https:\/\/api.w.org\/{rel}","templated":true}]}}