{"id":1575,"date":"2015-12-01T14:16:27","date_gmt":"2015-12-01T14:16:27","guid":{"rendered":"http:\/\/sobedrj.com.br\/novo\/?p=1575"},"modified":"2015-12-07T12:49:55","modified_gmt":"2015-12-07T12:49:55","slug":"numero-de-atendimentos-nas-emergencias-de-hospitais-federais-do-rio-caiu-88-em-cinco-anos","status":"publish","type":"post","link":"https:\/\/sobedrj.com.br\/novo\/2015\/12\/01\/numero-de-atendimentos-nas-emergencias-de-hospitais-federais-do-rio-caiu-88-em-cinco-anos\/","title":{"rendered":"N\u00famero de atendimentos nas emerg\u00eancias de hospitais federais do Rio caiu 88% em cinco anos"},"content":{"rendered":"<p>fonte: Extra<\/p>\n<p>Eram 7h desta segunda-feira quando Maria Madalena Silva, de 48 anos, saiu com o marido de casa, em Jacarepagu\u00e1, na Zona Oeste do Rio, em busca de atendimento m\u00e9dico. Com febre de quase 40 graus e evacuando sangue, o pedreiro Jos\u00e9 Alves de Mesquita, de 53 anos, vira seu quadro se agravar rapidamente ap\u00f3s ter constatada uma suspeita de c\u00e2ncer no intestino. No Hospital Federal do Andara\u00ed, esperaram por duas horas, em v\u00e3o. Decidiram retornar pela Estrada Graja\u00fa- Jacarepagu\u00e1 rumo ao Hospital Federal Cardoso Fontes. Jos\u00e9, por\u00e9m, s\u00f3 seria atendido por volta das 17h, ap\u00f3s dez horas de peregrina\u00e7\u00e3o e dores.<\/p>\n<p>\u2014 A m\u00e9dica disse que ele poderia at\u00e9 ter morrido. D\u00e1 vontade de chorar, de esbravejar, mas preciso ampar\u00e1-lo \u2014 desabafou a dona de casa Maria.<\/p>\n<p>A situa\u00e7\u00e3o de Jos\u00e9 traduz o que apresentam os n\u00fameros de servi\u00e7os prestados nos hospitais federais da cidade do Rio. Na compara\u00e7\u00e3o com 2010, a quantidade de pacientes atendidos nas emerg\u00eancias dessas unidades, este ano \u2014 at\u00e9 setembro \u2014 caiu 88%.<\/p>\n<p>O Cardoso Fontes \u00e9 a unidade administrada pelo Minist\u00e9rio da Sa\u00fade com maior redu\u00e7\u00e3o nos atendimentos: 92,66%. A compara\u00e7\u00e3o \u00e9 entre todo o ano de 2010 com o per\u00edodo de janeiro a setembro de 2015. Apesar dos intervalos diferentes, o presidente do Sindicato dos M\u00e9dicos do Rio, Jorge Darze, acredita que a redu\u00e7\u00e3o ao fim do ano ser\u00e1 acentuada da mesma maneira:<\/p>\n<p>\u2014 A raz\u00e3o disso \u00e9 a falta de concursos. Esses hospitais est\u00e3o com \u2018anemia\u2019, sendo asfixiados pela falta de funcion\u00e1rios, sobretudo m\u00e9dicos e enfermeiros. Isso compromete a capacidade de resolver os problemas.<\/p>\n<p>O levantamento foi feito a pedido do deputado Milton Rangel (PSD), via Lei de Acesso \u00e0 Informa\u00e7\u00e3o, e publicado na coluna \u201cExtra, Extra\u201d, da jornalista Berenice Seara.<\/p>\n<p style=\"text-align: center;\"><img loading=\"lazy\" decoding=\"async\" class=\"aligncenter size-full wp-image-1577\" src=\"http:\/\/sobedrj.com.br\/novo\/wp-content\/uploads\/2015\/12\/atendimento-hospital-federal-WEB-png.jpg\" alt=\"atendimento-hospital-federal-WEB-png\" width=\"448\" height=\"537\" srcset=\"https:\/\/sobedrj.com.br\/novo\/wp-content\/uploads\/2015\/12\/atendimento-hospital-federal-WEB-png.jpg 448w, https:\/\/sobedrj.com.br\/novo\/wp-content\/uploads\/2015\/12\/atendimento-hospital-federal-WEB-png-250x300.jpg 250w\" sizes=\"auto, (max-width: 448px) 100vw, 448px\" \/><\/p>\n<p><strong>Repasses aumentaram<\/strong><\/p>\n<p>Enquanto os atendimentos diminuem, os repasses do Minist\u00e9rio da Sa\u00fade (MS) aos hospitais federais do Rio crescem. Em 2010, foram R$ 3 bilh\u00f5es. Em 2014, o valor transferido saltou para R$ 4,6 bilh\u00f5es, um aumento de 52,74%. De janeiro a outubro deste ano, essas unidades j\u00e1 receberam R$ 4,4 bilh\u00f5es.<\/p>\n<p>O Departamento de Gest\u00e3o Hospitalar (DGH) do Rio de Janeiro, vinculado ao MS, justificou que as seis unidades passam por obras de reestrutura\u00e7\u00e3o em suas enfermarias desde 2013. E que os hospitais do Andara\u00ed, Bonsucesso e Cardoso Fontes tamb\u00e9m est\u00e3o com as emerg\u00eancias em obra.<\/p>\n<p>Em nota, o DGH alegou preju\u00edzos com as greves entre 2012 e 2015. Sendo que, apenas em 2014, o movimento grevista durou cinco meses, o que impactou no atendimento assistencial.<\/p>\n<p>O DGH apresentou ainda n\u00fameros diferentes de atendimentos at\u00e9 setembro deste ano: 35.848 interna\u00e7\u00f5es, 30.892 cirurgias, 565.207 mil consultas ambulatoriais e 68.842 atendimentos de emerg\u00eancia e plant\u00e3o geral.<\/p>\n","protected":false},"excerpt":{"rendered":"<p>fonte: Extra Eram 7h desta segunda-feira quando Maria Madalena Silva, de 48 anos, saiu com o marido de casa, em Jacarepagu\u00e1, na Zona Oeste do Rio, em busca de atendimento m\u00e9dico. Com febre de quase 40 graus e evacuando sangue, o pedreiro Jos\u00e9 Alves de Mesquita, de 53 anos, vira seu quadro se agravar rapidamente [&hellip;]<\/p>\n","protected":false},"author":1,"featured_media":1576,"comment_status":"closed","ping_status":"open","sticky":false,"template":"","format":"standard","meta":{"ngg_post_thumbnail":0,"footnotes":""},"categories":[2],"tags":[],"class_list":["post-1575","post","type-post","status-publish","format-standard","has-post-thumbnail","hentry","category-noticias"],"aioseo_notices":[],"gutentor_comment":0,"_links":{"self":[{"href":"https:\/\/sobedrj.com.br\/novo\/wp-json\/wp\/v2\/posts\/1575","targetHints":{"allow":["GET"]}}],"collection":[{"href":"https:\/\/sobedrj.com.br\/novo\/wp-json\/wp\/v2\/posts"}],"about":[{"href":"https:\/\/sobedrj.com.br\/novo\/wp-json\/wp\/v2\/types\/post"}],"author":[{"embeddable":true,"href":"https:\/\/sobedrj.com.br\/novo\/wp-json\/wp\/v2\/users\/1"}],"replies":[{"embeddable":true,"href":"https:\/\/sobedrj.com.br\/novo\/wp-json\/wp\/v2\/comments?post=1575"}],"version-history":[{"count":1,"href":"https:\/\/sobedrj.com.br\/novo\/wp-json\/wp\/v2\/posts\/1575\/revisions"}],"predecessor-version":[{"id":1578,"href":"https:\/\/sobedrj.com.br\/novo\/wp-json\/wp\/v2\/posts\/1575\/revisions\/1578"}],"wp:featuredmedia":[{"embeddable":true,"href":"https:\/\/sobedrj.com.br\/novo\/wp-json\/wp\/v2\/media\/1576"}],"wp:attachment":[{"href":"https:\/\/sobedrj.com.br\/novo\/wp-json\/wp\/v2\/media?parent=1575"}],"wp:term":[{"taxonomy":"category","embeddable":true,"href":"https:\/\/sobedrj.com.br\/novo\/wp-json\/wp\/v2\/categories?post=1575"},{"taxonomy":"post_tag","embeddable":true,"href":"https:\/\/sobedrj.com.br\/novo\/wp-json\/wp\/v2\/tags?post=1575"}],"curies":[{"name":"wp","href":"https:\/\/api.w.org\/{rel}","templated":true}]}}