{"id":1579,"date":"2015-12-01T14:35:48","date_gmt":"2015-12-01T14:35:48","guid":{"rendered":"http:\/\/sobedrj.com.br\/novo\/?p=1579"},"modified":"2015-12-08T09:47:11","modified_gmt":"2015-12-08T09:47:11","slug":"age-e-reuniao-cientifica-ocorrem-nesta-segunda-feira-no-humaita","status":"publish","type":"post","link":"https:\/\/sobedrj.com.br\/novo\/2015\/12\/01\/age-e-reuniao-cientifica-ocorrem-nesta-segunda-feira-no-humaita\/","title":{"rendered":"AGE e reuni\u00e3o cient\u00edfica ocorrem nesta segunda-feira no Humait\u00e1"},"content":{"rendered":"<p><img loading=\"lazy\" decoding=\"async\" class=\"alignleft size-medium wp-image-229\" src=\"http:\/\/sobedrj.com.br\/novo\/wp-content\/uploads\/2015\/02\/Casa-de-Sa\u00fade-S\u00e3o-Jos\u00e9-CSSJ-RJ-300x182.jpg\" alt=\"Casa-de-Sa\u00fade-S\u00e3o-Jos\u00e9-CSSJ-RJ\" width=\"300\" height=\"182\" \/>A diretoria da SOBED-RJ convida seus associados para a Assembleia Geral Extraordin\u00e1ria (AGE) e\u00a0reuni\u00e3o cient\u00edfica de dezembro\u00a0da entidade a serem realizadas nesta\u00a0segunda-feira, dia 7, a partir das 19h, no audit\u00f3rio da Casa de Sa\u00fade S\u00e3o Jos\u00e9, no Humait\u00e1.<\/p>\n<p><a href=\"http:\/\/sobedrj.com.br\/novo\/2015\/10\/assembleia-geral-extraordinaria-da-sobed-rj-ocorrera-em-7-de-dezembro\/\" target=\"_blank\">CONFIRA O EDITAL DE CONVOCA\u00c7\u00c3O DA AGE<\/a><\/p>\n<p>A AGE ir\u00e1 tratar sobre a troca de sede da sociedade e a reuni\u00e3o cient\u00edfica contar\u00e1 com casos cl\u00ednicos do Hospital Universit\u00e1rio Clementino Fraga Filho (HUCFF\/UFRJ), do Hospital Universit\u00e1rio Pedro Ernesto (HUPE\/UERJ), do Hospital Federal Cardoso Fontes e do Hospital Quinta D\u00b4Or. A modera\u00e7\u00e3o caber\u00e1 a diretoria da SOBED-RJ.<\/p>\n<p>A Casa de Sa\u00fade S\u00e3o Jos\u00e9 fica na Rua Macedo Sobrinho, 21.<\/p>\n<p>SAIBA COMO CHEGAR<\/p>\n<p style=\"text-align: center;\"><iframe loading=\"lazy\" style=\"border: 0;\" src=\"https:\/\/www.google.com\/maps\/embed?pb=!1m14!1m8!1m3!1d470245.2306344396!2d-43.198713!3d-22.957928!3m2!1i1024!2i768!4f13.1!3m3!1m2!1s0x9bd5618a37d67d%3A0x12a521f9cca114ed!2sR.+Macedo+Sobrinho%2C+21+-+Humait%C3%A1%2C+Rio+de+Janeiro+-+RJ%2C+22271-080%2C+Brasil!5e0!3m2!1spt-BR!2sbr!4v1448980464067\" width=\"600\" height=\"450\" frameborder=\"0\" allowfullscreen=\"allowfullscreen\"><\/iframe><\/p>\n","protected":false},"excerpt":{"rendered":"<p>A diretoria da SOBED-RJ convida seus associados para a Assembleia Geral Extraordin\u00e1ria (AGE) e\u00a0reuni\u00e3o cient\u00edfica de dezembro\u00a0da entidade a serem realizadas nesta\u00a0segunda-feira, dia 7, a partir das 19h, no audit\u00f3rio da Casa de Sa\u00fade S\u00e3o Jos\u00e9, no Humait\u00e1. CONFIRA O EDITAL DE CONVOCA\u00c7\u00c3O DA AGE A AGE ir\u00e1 tratar sobre a troca de sede da [&hellip;]<\/p>\n","protected":false},"author":1,"featured_media":0,"comment_status":"closed","ping_status":"open","sticky":false,"template":"","format":"standard","meta":{"ngg_post_thumbnail":0,"footnotes":""},"categories":[2],"tags":[],"class_list":["post-1579","post","type-post","status-publish","format-standard","hentry","category-noticias"],"aioseo_notices":[],"gutentor_comment":0,"_links":{"self":[{"href":"https:\/\/sobedrj.com.br\/novo\/wp-json\/wp\/v2\/posts\/1579","targetHints":{"allow":["GET"]}}],"collection":[{"href":"https:\/\/sobedrj.com.br\/novo\/wp-json\/wp\/v2\/posts"}],"about":[{"href":"https:\/\/sobedrj.com.br\/novo\/wp-json\/wp\/v2\/types\/post"}],"author":[{"embeddable":true,"href":"https:\/\/sobedrj.com.br\/novo\/wp-json\/wp\/v2\/users\/1"}],"replies":[{"embeddable":true,"href":"https:\/\/sobedrj.com.br\/novo\/wp-json\/wp\/v2\/comments?post=1579"}],"version-history":[{"count":1,"href":"https:\/\/sobedrj.com.br\/novo\/wp-json\/wp\/v2\/posts\/1579\/revisions"}],"predecessor-version":[{"id":1580,"href":"https:\/\/sobedrj.com.br\/novo\/wp-json\/wp\/v2\/posts\/1579\/revisions\/1580"}],"wp:attachment":[{"href":"https:\/\/sobedrj.com.br\/novo\/wp-json\/wp\/v2\/media?parent=1579"}],"wp:term":[{"taxonomy":"category","embeddable":true,"href":"https:\/\/sobedrj.com.br\/novo\/wp-json\/wp\/v2\/categories?post=1579"},{"taxonomy":"post_tag","embeddable":true,"href":"https:\/\/sobedrj.com.br\/novo\/wp-json\/wp\/v2\/tags?post=1579"}],"curies":[{"name":"wp","href":"https:\/\/api.w.org\/{rel}","templated":true}]}}