{"id":1581,"date":"2015-12-02T11:30:22","date_gmt":"2015-12-02T11:30:22","guid":{"rendered":"http:\/\/sobedrj.com.br\/novo\/?p=1581"},"modified":"2015-12-02T11:30:22","modified_gmt":"2015-12-02T11:30:22","slug":"btg-pactual-vende-fatia-na-rede-dor-ao-fundo-gic-por-r-238-bilhoes","status":"publish","type":"post","link":"https:\/\/sobedrj.com.br\/novo\/2015\/12\/02\/btg-pactual-vende-fatia-na-rede-dor-ao-fundo-gic-por-r-238-bilhoes\/","title":{"rendered":"BTG Pactual vende fatia na Rede D&#8217;Or ao fundo GIC por R$ 2,38 bilh\u00f5es"},"content":{"rendered":"<p><img loading=\"lazy\" decoding=\"async\" class=\"alignleft size-medium wp-image-1582\" src=\"http:\/\/sobedrj.com.br\/novo\/wp-content\/uploads\/2015\/12\/novo_logo_rede_dor-300x184.jpg\" alt=\"novo_logo_rede_dor\" width=\"300\" height=\"184\" srcset=\"https:\/\/sobedrj.com.br\/novo\/wp-content\/uploads\/2015\/12\/novo_logo_rede_dor-300x184.jpg 300w, https:\/\/sobedrj.com.br\/novo\/wp-content\/uploads\/2015\/12\/novo_logo_rede_dor-1024x627.jpg 1024w, https:\/\/sobedrj.com.br\/novo\/wp-content\/uploads\/2015\/12\/novo_logo_rede_dor-600x368.jpg 600w, https:\/\/sobedrj.com.br\/novo\/wp-content\/uploads\/2015\/12\/novo_logo_rede_dor.jpg 1600w\" sizes=\"auto, (max-width: 300px) 100vw, 300px\" \/>fonte: G1<\/p>\n<p>O <a class=\"premium-tip\" href=\"http:\/\/g1.globo.com\/tudo-sobre\/btg-pactual\/\">BTG Pactual<\/a> informou nesta quarta-feira (2) que vendeu ao fundo soberano de Cingapura GIC a\u00e7\u00f5es de investimento propriet\u00e1rio e de terceiros da Rede D&#8217;Or S\u00e3o Luiz, em neg\u00f3cio que totaliza aproximadamente R$ 2,38 bilh\u00f5es.<\/p>\n<p>A venda foi comunicada em documento enviado nesta quarta \u00e0 Comiss\u00e3o de Valores Mobili\u00e1rios (CVM). A Rede D&#8217;Or \u00e9 uma operadora de hospitais, com unidades em S\u00e3o Paulo, Rio de Janeiro, Distrito Federal e Pernambuco.<\/p>\n<p>A conclus\u00e3o da opera\u00e7\u00e3o depende da aprova\u00e7\u00e3o dos \u00f3rg\u00e3os de defesa da concorr\u00eancia.<\/p>\n<p><strong>Presidente preso<\/strong><br \/>\nO BTG Pactual vem enfrentando momentos dif\u00edceis depois da pris\u00e3o do ent\u00e3o presidente do banco, <a class=\"premium-tip\" href=\"http:\/\/g1.globo.com\/tudo-sobre\/andre-esteves\/\">Andr\u00e9 Esteves<\/a>, na semana passada. O executivo \u00e9 acusado de lanejar obstruir as investiga\u00e7\u00f5es da Opera\u00e7\u00e3o Lava Jato, de acordo com a Procuradoria-Geral da Rep\u00fablica (PGR).<\/p>\n<p>Na noite de ter\u00e7a-feira, a ag\u00eancia de classifica\u00e7\u00e3o de risco Moody&#8217;s tirou o grau de investimento do BTG, que passou a ter nota especulativa.<\/p>\n<p>Depois da pris\u00e3o, Esteves \u2013 que est\u00e1 preso em Bangu 8, no Rio\u00a0 \u2013 deixou os cargos que ocupava no BTG e no Conselho de Administra\u00e7\u00e3o da BM&amp;FBovespa.<\/p>\n","protected":false},"excerpt":{"rendered":"<p>fonte: G1 O BTG Pactual informou nesta quarta-feira (2) que vendeu ao fundo soberano de Cingapura GIC a\u00e7\u00f5es de investimento propriet\u00e1rio e de terceiros da Rede D&#8217;Or S\u00e3o Luiz, em neg\u00f3cio que totaliza aproximadamente R$ 2,38 bilh\u00f5es. A venda foi comunicada em documento enviado nesta quarta \u00e0 Comiss\u00e3o de Valores Mobili\u00e1rios (CVM). A Rede D&#8217;Or [&hellip;]<\/p>\n","protected":false},"author":1,"featured_media":1582,"comment_status":"closed","ping_status":"open","sticky":false,"template":"","format":"standard","meta":{"ngg_post_thumbnail":0,"footnotes":""},"categories":[2],"tags":[],"class_list":["post-1581","post","type-post","status-publish","format-standard","has-post-thumbnail","hentry","category-noticias"],"aioseo_notices":[],"gutentor_comment":0,"_links":{"self":[{"href":"https:\/\/sobedrj.com.br\/novo\/wp-json\/wp\/v2\/posts\/1581","targetHints":{"allow":["GET"]}}],"collection":[{"href":"https:\/\/sobedrj.com.br\/novo\/wp-json\/wp\/v2\/posts"}],"about":[{"href":"https:\/\/sobedrj.com.br\/novo\/wp-json\/wp\/v2\/types\/post"}],"author":[{"embeddable":true,"href":"https:\/\/sobedrj.com.br\/novo\/wp-json\/wp\/v2\/users\/1"}],"replies":[{"embeddable":true,"href":"https:\/\/sobedrj.com.br\/novo\/wp-json\/wp\/v2\/comments?post=1581"}],"version-history":[{"count":1,"href":"https:\/\/sobedrj.com.br\/novo\/wp-json\/wp\/v2\/posts\/1581\/revisions"}],"predecessor-version":[{"id":1583,"href":"https:\/\/sobedrj.com.br\/novo\/wp-json\/wp\/v2\/posts\/1581\/revisions\/1583"}],"wp:featuredmedia":[{"embeddable":true,"href":"https:\/\/sobedrj.com.br\/novo\/wp-json\/wp\/v2\/media\/1582"}],"wp:attachment":[{"href":"https:\/\/sobedrj.com.br\/novo\/wp-json\/wp\/v2\/media?parent=1581"}],"wp:term":[{"taxonomy":"category","embeddable":true,"href":"https:\/\/sobedrj.com.br\/novo\/wp-json\/wp\/v2\/categories?post=1581"},{"taxonomy":"post_tag","embeddable":true,"href":"https:\/\/sobedrj.com.br\/novo\/wp-json\/wp\/v2\/tags?post=1581"}],"curies":[{"name":"wp","href":"https:\/\/api.w.org\/{rel}","templated":true}]}}