{"id":1586,"date":"2015-12-07T12:05:07","date_gmt":"2015-12-07T12:05:07","guid":{"rendered":"http:\/\/sobedrj.com.br\/novo\/?p=1586"},"modified":"2015-12-07T12:05:07","modified_gmt":"2015-12-07T12:05:07","slug":"estamos-com-os-pes-e-maos-atados-diz-medico-sobre-zika","status":"publish","type":"post","link":"https:\/\/sobedrj.com.br\/novo\/2015\/12\/07\/estamos-com-os-pes-e-maos-atados-diz-medico-sobre-zika\/","title":{"rendered":"\u2018Estamos com os p\u00e9s e m\u00e3os atados\u2019, diz m\u00e9dico sobre zika"},"content":{"rendered":"<p><img loading=\"lazy\" decoding=\"async\" class=\"alignleft size-medium wp-image-1587\" src=\"http:\/\/sobedrj.com.br\/novo\/wp-content\/uploads\/2015\/12\/pedro_pesquisa-300x180.jpg\" alt=\"pedro_pesquisa\" width=\"300\" height=\"180\" \/>fonte: O Globo<\/p>\n<p>O m\u00e9dico e pesquisador Pedro Fernando da Costa Vasconcelos dedicou os \u00faltimos 35 anos \u00e0 investiga\u00e7\u00e3o de v\u00edrus. No Instituto Evandro Chagas, em Ananindeua, no Par\u00e1, onde entrou como estagi\u00e1rio e j\u00e1 foi diretor, isolou 212 tipos de v\u00edrus, o que faz dele um dos maiores conhecedores desses micro-organismos do mundo. Coube a ele e sua equipe a comprova\u00e7\u00e3o de que o v\u00edrus zika causa microcefalia em fetos. At\u00e9 ent\u00e3o considerado um v\u00edrus sem import\u00e2ncia, incapaz de provocar qualquer infec\u00e7\u00e3o que merecesse cuidado, o zika se tornou uma amea\u00e7a \u00e0 sa\u00fade p\u00fablica mundial. E o fez numa velocidade tamanha que surpreende at\u00e9 mesmo o experiente Vasconcelos.<\/p>\n<p><strong>Como o senhor identificou a rela\u00e7\u00e3o entre o v\u00edrus zika e a microcefalia?<\/strong><\/p>\n<p>Existia uma suspeita cl\u00ednica. O que fizemos foi mostrar que a infec\u00e7\u00e3o por zika levou \u00e0s altera\u00e7\u00f5es no desenvolvimento do c\u00e9rebro de fetos com microcefalia. Fizemos isso em cultura de c\u00e9lulas.<\/p>\n<p><strong>Por que n\u00e3o se dava tanta import\u00e2ncia ao zika?<\/strong><\/p>\n<p>Porque at\u00e9 2013 n\u00e3o era considerado um v\u00edrus que valesse a pena estudar. Ent\u00e3o come\u00e7aram os casos na Polin\u00e9sia Francesa, na Micron\u00e9sia. E no Brasil este ano veio o grande alerta para n\u00f3s e o mundo. O zika foi isolado num macaco rhesus com febre, usado como sentinela de vigil\u00e2ncia sanit\u00e1ria, em 20 de abril de 1947, na Floresta de Zika, perto de Entebe, em Uganda. Ele passou todo esse tempo como um v\u00edrus de pouca import\u00e2ncia. At\u00e9 que, num instante, se tornou uma amea\u00e7a.<\/p>\n<p><strong>Por qu\u00ea?<\/strong><\/p>\n<p>N\u00e3o sabemos. N\u00e3o sabemos quase nada, na verdade. V\u00edrus podem sofrer muta\u00e7\u00f5es muito rapidamente. E de uma hora para outra. Como ele mudou de padr\u00e3o \u00e9 um mist\u00e9rio.<\/p>\n<p><strong>O que o preocupa mais?<\/strong><\/p>\n<p>A situa\u00e7\u00e3o \u00e9 terr\u00edvel para um m\u00e9dico. Me desespera ver tantas mulheres gr\u00e1vidas desprotegidas e assustadas. Vemos m\u00e3es em apuros e estamos com os p\u00e9s e m\u00e3os atados, pois o zika \u00e9 praticamente um desconhecido.<\/p>\n<p><strong>O que se pode fazer agora?<\/strong><\/p>\n<p>Lutar para controlar os focos de Aedes aegypti e investir pesadamente em pesquisa. Primeiro, precisamos de kits de diagn\u00f3stico r\u00e1pidos, baratos e eficientes. E precisamos urgentemente conhecer melhor esse v\u00edrus para saber como combat\u00ea-lo. Temos um inimigo poderoso e completamente desconhecido. \u00c9 urg\u00eancia m\u00e1xima.<\/p>\n<p><strong>Hoje o que se pode dizer \u00e0s gr\u00e1vidas?<\/strong><\/p>\n<p>Sabemos que s\u00f3 uma pequena parte das infectadas com zika, que j\u00e1 s\u00e3o uma parcela pequena das gestantes, ter\u00e1 beb\u00eas com microcefalia. Mas qual? O que fazer com uma gestante que chega com sintomas que podem ser facilmente de dengue, zika ou chicungunha? Para dengue, podemos testar. Mas como distinguir no hospital zika de chicungunha rapidamente? N\u00e3o h\u00e1 resposta para nada disso.<\/p>\n<p><strong>O que seu grupo faz neste momento?<\/strong><\/p>\n<p>Estamos na fase de conclus\u00e3o do sequenciamento gen\u00e9tico de amostras do zika que causam a forma branda da doen\u00e7a. Isso \u00e9 importante para investigar os mecanismos b\u00e1sicos do v\u00edrus. E vamos agora sequenciar os genes de amostras de um feto com microcefalia no Cear\u00e1, a menina de 16 anos morta no Par\u00e1 e o homem com l\u00fapus falecido no Maranh\u00e3o. Eles s\u00e3o fundamentais para a compara\u00e7\u00e3o dos v\u00edrus, ver o que apresentam de diferen\u00e7a. Procuramos pontos de virul\u00eancia, de fraqueza. Temos que conhecer j\u00e1 nosso inimigo. Sabemos que o homem era claramente um imunodeprimido, mais vulner\u00e1vel a infec\u00e7\u00f5es gerais. Mas n\u00e3o sabemos quase nada sobre a hist\u00f3ria cl\u00ednica da menina, e a microcefalia em fetos continua igualmente misteriosa.<\/p>\n<p><strong>Por que algumas pessoas parecem mais vulner\u00e1veis?<\/strong><\/p>\n<p>S\u00f3 uma parte pequena da popula\u00e7\u00e3o aparenta ser realmente vulner\u00e1vel a complica\u00e7\u00f5es, num padr\u00e3o como o da dengue. Mas quem? Temos que descobrir como identificar.<\/p>\n<p><strong>O que \u00e9 necess\u00e1rio fazer?<\/strong><\/p>\n<p>Estudos experimentais. Testar em animais e culturas de c\u00e9lulas. Descobrir pontos fracos do zika, conhecer a evolu\u00e7\u00e3o da doen\u00e7a. Descobrir como um v\u00edrus que n\u00e3o fazia mal come\u00e7ou a matar. Isso \u00e9 fundamental para identificarmos as pessoas mais suscet\u00edveis e para que possamos desenvolver rem\u00e9dios para oferecer \u00e0s gestantes e aos doentes. Isso tamb\u00e9m est\u00e1 na ess\u00eancia para que um dia tenhamos uma vacina. O grande desespero \u00e9 que n\u00e3o temos condi\u00e7\u00f5es de fazer nada disso agora. H\u00e1 tr\u00e2mites burocr\u00e1ticos. Todo esse processo \u00e9 demorado. E temos uma emerg\u00eancia. N\u00f3s, o Minist\u00e9rio da Sa\u00fade, a Organiza\u00e7\u00e3o Mundial da Sa\u00fade (OMS) trabalhamos juntos.<\/p>\n<p><strong>O v\u00edrus zika, sozinho, pode causar de microcefalia?<\/strong><\/p>\n<p>N\u00e3o sabemos. Podem haver outros fatores.<\/p>\n<p><strong>Ele se tornou mais facilmente transmiss\u00edvel?<\/strong><\/p>\n<p>Tudo indica que sim. Mas como? Sabemos que o chicungunha sofreu apenas duas muta\u00e7\u00f5es que tornaram poss\u00edvel que fosse transmitido pelo Aedes albopictus e que se espalhasse. O chicungunha causa dores terr\u00edveis. O nome significa aquele que se curva, numa alus\u00e3o ao modo de andar dos doentes.<\/p>\n","protected":false},"excerpt":{"rendered":"<p>fonte: O Globo O m\u00e9dico e pesquisador Pedro Fernando da Costa Vasconcelos dedicou os \u00faltimos 35 anos \u00e0 investiga\u00e7\u00e3o de v\u00edrus. No Instituto Evandro Chagas, em Ananindeua, no Par\u00e1, onde entrou como estagi\u00e1rio e j\u00e1 foi diretor, isolou 212 tipos de v\u00edrus, o que faz dele um dos maiores conhecedores desses micro-organismos do mundo. Coube [&hellip;]<\/p>\n","protected":false},"author":1,"featured_media":0,"comment_status":"closed","ping_status":"open","sticky":false,"template":"","format":"standard","meta":{"ngg_post_thumbnail":0,"footnotes":""},"categories":[2],"tags":[],"class_list":["post-1586","post","type-post","status-publish","format-standard","hentry","category-noticias"],"aioseo_notices":[],"gutentor_comment":0,"_links":{"self":[{"href":"https:\/\/sobedrj.com.br\/novo\/wp-json\/wp\/v2\/posts\/1586","targetHints":{"allow":["GET"]}}],"collection":[{"href":"https:\/\/sobedrj.com.br\/novo\/wp-json\/wp\/v2\/posts"}],"about":[{"href":"https:\/\/sobedrj.com.br\/novo\/wp-json\/wp\/v2\/types\/post"}],"author":[{"embeddable":true,"href":"https:\/\/sobedrj.com.br\/novo\/wp-json\/wp\/v2\/users\/1"}],"replies":[{"embeddable":true,"href":"https:\/\/sobedrj.com.br\/novo\/wp-json\/wp\/v2\/comments?post=1586"}],"version-history":[{"count":1,"href":"https:\/\/sobedrj.com.br\/novo\/wp-json\/wp\/v2\/posts\/1586\/revisions"}],"predecessor-version":[{"id":1588,"href":"https:\/\/sobedrj.com.br\/novo\/wp-json\/wp\/v2\/posts\/1586\/revisions\/1588"}],"wp:attachment":[{"href":"https:\/\/sobedrj.com.br\/novo\/wp-json\/wp\/v2\/media?parent=1586"}],"wp:term":[{"taxonomy":"category","embeddable":true,"href":"https:\/\/sobedrj.com.br\/novo\/wp-json\/wp\/v2\/categories?post=1586"},{"taxonomy":"post_tag","embeddable":true,"href":"https:\/\/sobedrj.com.br\/novo\/wp-json\/wp\/v2\/tags?post=1586"}],"curies":[{"name":"wp","href":"https:\/\/api.w.org\/{rel}","templated":true}]}}