{"id":1598,"date":"2015-12-07T12:30:22","date_gmt":"2015-12-07T12:30:22","guid":{"rendered":"http:\/\/sobedrj.com.br\/novo\/?p=1598"},"modified":"2015-12-07T12:30:22","modified_gmt":"2015-12-07T12:30:22","slug":"fenam-exige-compromisso-e-seriedade-na-abertura-de-novos-cursos-de-medicina-no-brasil","status":"publish","type":"post","link":"https:\/\/sobedrj.com.br\/novo\/2015\/12\/07\/fenam-exige-compromisso-e-seriedade-na-abertura-de-novos-cursos-de-medicina-no-brasil\/","title":{"rendered":"FENAM exige compromisso e seriedade na abertura de novos cursos de medicina no Brasil"},"content":{"rendered":"<p><img loading=\"lazy\" decoding=\"async\" class=\"alignleft size-medium wp-image-253\" src=\"http:\/\/sobedrj.com.br\/novo\/wp-content\/uploads\/2015\/02\/fenam_logo-300x170.jpg\" alt=\"fenam_logo\" width=\"300\" height=\"170\" srcset=\"https:\/\/sobedrj.com.br\/novo\/wp-content\/uploads\/2015\/02\/fenam_logo-300x170.jpg 300w, https:\/\/sobedrj.com.br\/novo\/wp-content\/uploads\/2015\/02\/fenam_logo.jpg 704w\" sizes=\"auto, (max-width: 300px) 100vw, 300px\" \/>fonte: FENAM<\/p>\n<div>Prestes a completar um ano, o Edital N\u00ba06 SERES\/MEC, de 23 de dezembro de 2014, ainda n\u00e3o possui resultado definido e n\u00e3o h\u00e1 estimativa de quando ser\u00e1 divulgado. Com este cen\u00e1rio, a Federa\u00e7\u00e3o Nacional dos M\u00e9dicos (FENAM) tem acompanhado as decis\u00f5es e refletido seriamente nos rumos que a forma\u00e7\u00e3o m\u00e9dica tem tomado. A possibilidade do Brasil receber novos cursos de medicina e ampliar o n\u00famero de m\u00e9dicos na rede p\u00fablica e privada \u00e9 uma iniciativa que merece ser bem avaliada. Devemos estar atentos em como esse processo vem sendo constru\u00eddo.<\/div>\n<div><\/div>\n<div><\/div>\n<div>No resultado inicial do Edital N\u00ba06, falhas na atribui\u00e7\u00e3o da classifica\u00e7\u00e3o j\u00e1 puderam ser observadas, e com isso, o mesmo encontra-se em julgamento de recursos administrativos no Minist\u00e9rio da Educa\u00e7\u00e3o (MEC), al\u00e9m de recurso que est\u00e1 interposto junto ao Tribunal de Contas da Uni\u00e3o (TCU) e que aguarda julgamento. A exemplo, a sele\u00e7\u00e3o da institui\u00e7\u00e3o no munic\u00edpio de\u00a0Cachoeiro de Itapemirim \u00e9 uma das que aguardam o resultado do recurso administrativo por suspeita no processo de sele\u00e7\u00e3o.<\/div>\n<div><\/div>\n<div><\/div>\n<div>A FENAM entende que uma nova faculdade de medicina em qualquer Estado brasileiro, s\u00f3 pode ocorrer se for administrada por institui\u00e7\u00f5es que se preocupam com a qualidade da forma\u00e7\u00e3o m\u00e9dica, equipada de bons laborat\u00f3rios, corpo docente qualificado com mestre e doutores, que incentive \u00e0 pesquisa, e possuam programa de resid\u00eancia m\u00e9dica e hospital de ensino.<\/div>\n<div><\/div>\n<div><\/div>\n<div>O presidente da FENAM, Otto Fernando Batista, refor\u00e7a o interesse da Federa\u00e7\u00e3o para que o Edital selecione institui\u00e7\u00f5es s\u00e9rias, que se preocupam em cumprir com os requisitos exigidos pelo MEC. \u201cA responsabilidade de se formar bons m\u00e9dicos deve ser encarada com seriedade e compromisso. Essa forma\u00e7\u00e3o deve ser embasada na \u00e9tica. O ensino de medicina no Brasil n\u00e3o deve ser entendido como um com\u00e9rcio. A quantidade s\u00f3 \u00e9 importante quando se tem qualidade, ter boa forma\u00e7\u00e3o m\u00e9dica \u00e9 o principal. A sociedade merece m\u00e9dicos qualificados e a sociedade m\u00e9dica merecem a valoriza\u00e7\u00e3o dessa qualifica\u00e7\u00e3o\u201d, finalizou.<\/div>\n<div><\/div>\n<div><\/div>\n<div>A FENAM preza pela transpar\u00eancia do resultado do Edital N\u00ba6 SERES, e refor\u00e7a que confia na aplica\u00e7\u00e3o dos princ\u00edpios que devem reger a administra\u00e7\u00e3o p\u00fablica.<\/div>\n","protected":false},"excerpt":{"rendered":"<p>fonte: FENAM Prestes a completar um ano, o Edital N\u00ba06 SERES\/MEC, de 23 de dezembro de 2014, ainda n\u00e3o possui resultado definido e n\u00e3o h\u00e1 estimativa de quando ser\u00e1 divulgado. Com este cen\u00e1rio, a Federa\u00e7\u00e3o Nacional dos M\u00e9dicos (FENAM) tem acompanhado as decis\u00f5es e refletido seriamente nos rumos que a forma\u00e7\u00e3o m\u00e9dica tem tomado. A [&hellip;]<\/p>\n","protected":false},"author":1,"featured_media":253,"comment_status":"closed","ping_status":"open","sticky":false,"template":"","format":"standard","meta":{"ngg_post_thumbnail":0,"footnotes":""},"categories":[2],"tags":[],"class_list":["post-1598","post","type-post","status-publish","format-standard","has-post-thumbnail","hentry","category-noticias"],"aioseo_notices":[],"gutentor_comment":0,"_links":{"self":[{"href":"https:\/\/sobedrj.com.br\/novo\/wp-json\/wp\/v2\/posts\/1598","targetHints":{"allow":["GET"]}}],"collection":[{"href":"https:\/\/sobedrj.com.br\/novo\/wp-json\/wp\/v2\/posts"}],"about":[{"href":"https:\/\/sobedrj.com.br\/novo\/wp-json\/wp\/v2\/types\/post"}],"author":[{"embeddable":true,"href":"https:\/\/sobedrj.com.br\/novo\/wp-json\/wp\/v2\/users\/1"}],"replies":[{"embeddable":true,"href":"https:\/\/sobedrj.com.br\/novo\/wp-json\/wp\/v2\/comments?post=1598"}],"version-history":[{"count":1,"href":"https:\/\/sobedrj.com.br\/novo\/wp-json\/wp\/v2\/posts\/1598\/revisions"}],"predecessor-version":[{"id":1599,"href":"https:\/\/sobedrj.com.br\/novo\/wp-json\/wp\/v2\/posts\/1598\/revisions\/1599"}],"wp:featuredmedia":[{"embeddable":true,"href":"https:\/\/sobedrj.com.br\/novo\/wp-json\/wp\/v2\/media\/253"}],"wp:attachment":[{"href":"https:\/\/sobedrj.com.br\/novo\/wp-json\/wp\/v2\/media?parent=1598"}],"wp:term":[{"taxonomy":"category","embeddable":true,"href":"https:\/\/sobedrj.com.br\/novo\/wp-json\/wp\/v2\/categories?post=1598"},{"taxonomy":"post_tag","embeddable":true,"href":"https:\/\/sobedrj.com.br\/novo\/wp-json\/wp\/v2\/tags?post=1598"}],"curies":[{"name":"wp","href":"https:\/\/api.w.org\/{rel}","templated":true}]}}