{"id":1604,"date":"2015-12-08T09:38:11","date_gmt":"2015-12-08T09:38:11","guid":{"rendered":"http:\/\/sobedrj.com.br\/novo\/?p=1604"},"modified":"2016-01-04T14:25:05","modified_gmt":"2016-01-04T14:25:05","slug":"saiba-como-foi-a-age-e-reuniao-cientifica-de-dezembro-da-sobed-rj","status":"publish","type":"post","link":"https:\/\/sobedrj.com.br\/novo\/2015\/12\/08\/saiba-como-foi-a-age-e-reuniao-cientifica-de-dezembro-da-sobed-rj\/","title":{"rendered":"Saiba como foi a AGE e reuni\u00e3o cient\u00edfica de dezembro da SOBED-RJ"},"content":{"rendered":"<p><img loading=\"lazy\" decoding=\"async\" class=\"alignleft size-medium wp-image-1609\" src=\"http:\/\/sobedrj.com.br\/novo\/wp-content\/uploads\/2015\/12\/2015_reuniao-5-300x169.jpg\" alt=\"2015_reuniao (5)\" width=\"300\" height=\"169\" srcset=\"https:\/\/sobedrj.com.br\/novo\/wp-content\/uploads\/2015\/12\/2015_reuniao-5-300x169.jpg 300w, https:\/\/sobedrj.com.br\/novo\/wp-content\/uploads\/2015\/12\/2015_reuniao-5-600x338.jpg 600w, https:\/\/sobedrj.com.br\/novo\/wp-content\/uploads\/2015\/12\/2015_reuniao-5.jpg 888w\" sizes=\"auto, (max-width: 300px) 100vw, 300px\" \/>A SOBED-RJ realizou, na noite desta segunda-feira, dia 7, sua \u00faltima reuni\u00e3o cient\u00edfica do ano, que contou com cerca de 40 pessoas e ocorreu no audit\u00f3rio da Casa de Sa\u00fade S\u00e3o Jos\u00e9, no Humait\u00e1. Al\u00e9m disso, tamb\u00e9m foi feita Assembleia Geral Extraordin\u00e1ria, cuja pauta foi a troca de sala da sociedade.<\/p>\n<p>O evento teve in\u00edcio com apresenta\u00e7\u00e3o dos casos cl\u00ednicos\u00a0do Hospital Federal Cardoso Fontes, do Hospital Universit\u00e1rio Clementino Fraga Filho, do Hospital Universit\u00e1rio Pedro Ernesto\u00a0e do Hospital Quinta D\u00b4Or.<\/p>\n<p>Logo ap\u00f3s, o Dr. Ronaldo Taam, presidente da SOBED-RJ tomou a palavra e deu in\u00edcio a AGE. Junto com o Dr. Fl\u00e1vio Abby, 1\u00ba tesoureiro, fizeram uma palestra apresentando os diversos motivos pelos quais a diretoria estava propondo a troca de sala da sociedade. A assembleia contou com a presen\u00e7a de diversos ex-presidentes, incluindo a Dra. Gra\u00e7a Dias, cuja gest\u00e3o foi a respons\u00e1vel pela compra das salas. Todos os ex-presidentes se mostraram favor\u00e1veis a venda da sala, condicionando a mesma a compra de uma nova, menor e em melhor localiza\u00e7\u00e3o.<\/p>\n<p>Com isso, foi feita a vota\u00e7\u00e3o e por unanimidade foi aprovada a venda da sala.<\/p>\n<p>Ap\u00f3s a AGE, ainda foram debatidos outros temas relacionados \u00e0 especialidade, como a prova de t\u00edtulo de especialista, resid\u00eancia m\u00e9dica e rela\u00e7\u00e3o com conv\u00eanios.<\/p>\n<p>Com \u00a0o final do ano, as atividades cient\u00edficas da SOBED-RJ voltam em mar\u00e7o. Em breve ser\u00e1 divulgada a agenda de reuni\u00f5es cient\u00edficas para o ano de 2016.<\/p>\n<p><strong>CONFIRA AS FOTOS<\/strong><\/p>\n\n\t\t<div id='gallery-1' class='gallery galleryid-1604 gallery-columns-3 gallery-size-thumbnail gallery1'><script type=\"text\/javascript\">\r\n\/\/ <![CDATA[\r\n\tjQuery(document).ready(function () {\r\n\t\tjQuery(\".gallery1 a\").attr(\"rel\",\"gallery1\");\t\r\n\t\tjQuery('a[rel=\"gallery1\"]').colorbox({maxWidth:\"95%\", maxHeight:\"95%\",title: function(){ return jQuery(this).children().attr(\"alt\"); }, });\r\n\t});\r\n\/\/ ]]>\r\n<\/script>\n<figure class=\"gallery-item\">\n<div class=\"gallery-icon\">\r\n<a href=\"https:\/\/sobedrj.com.br\/novo\/wp-content\/uploads\/2015\/12\/2015_reuniao-1.jpg\" title=\"\"  rel=\"lightbox[1604] gallery1\"><img loading=\"lazy\" decoding=\"async\" src=\"https:\/\/sobedrj.com.br\/novo\/wp-content\/uploads\/2015\/12\/2015_reuniao-1-150x150.jpg\" width=\"150\" height=\"150\" alt=\"\" \/><\/a>\r\n<\/div><\/figure><figure class=\"gallery-item\">\n<div class=\"gallery-icon\">\r\n<a href=\"https:\/\/sobedrj.com.br\/novo\/wp-content\/uploads\/2015\/12\/2015_reuniao-2.jpg\" title=\"\"  rel=\"lightbox[1604] gallery1\"><img loading=\"lazy\" decoding=\"async\" src=\"https:\/\/sobedrj.com.br\/novo\/wp-content\/uploads\/2015\/12\/2015_reuniao-2-150x150.jpg\" width=\"150\" height=\"150\" alt=\"\" \/><\/a>\r\n<\/div><\/figure><figure class=\"gallery-item\">\n<div class=\"gallery-icon\">\r\n<a href=\"https:\/\/sobedrj.com.br\/novo\/wp-content\/uploads\/2015\/12\/2015_reuniao-3.jpg\" title=\"\"  rel=\"lightbox[1604] gallery1\"><img loading=\"lazy\" decoding=\"async\" src=\"https:\/\/sobedrj.com.br\/novo\/wp-content\/uploads\/2015\/12\/2015_reuniao-3-150x150.jpg\" width=\"150\" height=\"150\" alt=\"\" \/><\/a>\r\n<\/div><\/figure><figure class=\"gallery-item\">\n<div class=\"gallery-icon\">\r\n<a href=\"https:\/\/sobedrj.com.br\/novo\/wp-content\/uploads\/2015\/12\/2015_reuniao-4.jpg\" title=\"\"  rel=\"lightbox[1604] gallery1\"><img loading=\"lazy\" decoding=\"async\" src=\"https:\/\/sobedrj.com.br\/novo\/wp-content\/uploads\/2015\/12\/2015_reuniao-4-150x150.jpg\" width=\"150\" height=\"150\" alt=\"\" \/><\/a>\r\n<\/div><\/figure><figure class=\"gallery-item\">\n<div class=\"gallery-icon\">\r\n<a href=\"https:\/\/sobedrj.com.br\/novo\/wp-content\/uploads\/2015\/12\/2015_reuniao-5.jpg\" title=\"\"  rel=\"lightbox[1604] gallery1\"><img loading=\"lazy\" decoding=\"async\" src=\"https:\/\/sobedrj.com.br\/novo\/wp-content\/uploads\/2015\/12\/2015_reuniao-5-150x150.jpg\" width=\"150\" height=\"150\" alt=\"\" \/><\/a>\r\n<\/div><\/figure><figure class=\"gallery-item\">\n<div class=\"gallery-icon\">\r\n<a href=\"https:\/\/sobedrj.com.br\/novo\/wp-content\/uploads\/2015\/12\/2015_reuniao-6.jpg\" title=\"\"  rel=\"lightbox[1604] gallery1\"><img loading=\"lazy\" decoding=\"async\" src=\"https:\/\/sobedrj.com.br\/novo\/wp-content\/uploads\/2015\/12\/2015_reuniao-6-150x150.jpg\" width=\"150\" height=\"150\" alt=\"\" \/><\/a>\r\n<\/div><\/figure>\r\n\t\t<\/div>\n\n","protected":false},"excerpt":{"rendered":"<p>A SOBED-RJ realizou, na noite desta segunda-feira, dia 7, sua \u00faltima reuni\u00e3o cient\u00edfica do ano, que contou com cerca de 40 pessoas e ocorreu no audit\u00f3rio da Casa de Sa\u00fade S\u00e3o Jos\u00e9, no Humait\u00e1. Al\u00e9m disso, tamb\u00e9m foi feita Assembleia Geral Extraordin\u00e1ria, cuja pauta foi a troca de sala da sociedade. O evento teve in\u00edcio [&hellip;]<\/p>\n","protected":false},"author":1,"featured_media":1610,"comment_status":"closed","ping_status":"open","sticky":false,"template":"","format":"standard","meta":{"ngg_post_thumbnail":0,"footnotes":""},"categories":[2],"tags":[],"class_list":["post-1604","post","type-post","status-publish","format-standard","has-post-thumbnail","hentry","category-noticias"],"aioseo_notices":[],"gutentor_comment":0,"_links":{"self":[{"href":"https:\/\/sobedrj.com.br\/novo\/wp-json\/wp\/v2\/posts\/1604","targetHints":{"allow":["GET"]}}],"collection":[{"href":"https:\/\/sobedrj.com.br\/novo\/wp-json\/wp\/v2\/posts"}],"about":[{"href":"https:\/\/sobedrj.com.br\/novo\/wp-json\/wp\/v2\/types\/post"}],"author":[{"embeddable":true,"href":"https:\/\/sobedrj.com.br\/novo\/wp-json\/wp\/v2\/users\/1"}],"replies":[{"embeddable":true,"href":"https:\/\/sobedrj.com.br\/novo\/wp-json\/wp\/v2\/comments?post=1604"}],"version-history":[{"count":1,"href":"https:\/\/sobedrj.com.br\/novo\/wp-json\/wp\/v2\/posts\/1604\/revisions"}],"predecessor-version":[{"id":1611,"href":"https:\/\/sobedrj.com.br\/novo\/wp-json\/wp\/v2\/posts\/1604\/revisions\/1611"}],"wp:featuredmedia":[{"embeddable":true,"href":"https:\/\/sobedrj.com.br\/novo\/wp-json\/wp\/v2\/media\/1610"}],"wp:attachment":[{"href":"https:\/\/sobedrj.com.br\/novo\/wp-json\/wp\/v2\/media?parent=1604"}],"wp:term":[{"taxonomy":"category","embeddable":true,"href":"https:\/\/sobedrj.com.br\/novo\/wp-json\/wp\/v2\/categories?post=1604"},{"taxonomy":"post_tag","embeddable":true,"href":"https:\/\/sobedrj.com.br\/novo\/wp-json\/wp\/v2\/tags?post=1604"}],"curies":[{"name":"wp","href":"https:\/\/api.w.org\/{rel}","templated":true}]}}