{"id":16739,"date":"2024-08-20T09:50:07","date_gmt":"2024-08-20T12:50:07","guid":{"rendered":"https:\/\/sobedrj.com.br\/novo\/?p=16739"},"modified":"2024-08-21T16:20:29","modified_gmt":"2024-08-21T19:20:29","slug":"artigo-o-brasil-nao-precisa-de-mais-medicos","status":"publish","type":"post","link":"https:\/\/sobedrj.com.br\/novo\/2024\/08\/20\/artigo-o-brasil-nao-precisa-de-mais-medicos\/","title":{"rendered":"ARTIGO: O Brasil n\u00e3o precisa de mais m\u00e9dicos"},"content":{"rendered":"<p>fonte: AMB<\/p>\n<p>por Antonio Jos\u00e9 Gon\u00e7alves,&nbsp;presidente da Associa\u00e7\u00e3o Paulista de Medicina<\/p>\n<p>O Brasil n\u00e3o precisa de mais m\u00e9dicos nem de mais faculdades de Medicina. O essencial \u00e9 garantir a qualidade da forma\u00e7\u00e3o. Hoje, temos mais de 560 mil m\u00e9dicos em atua\u00e7\u00e3o, ultrapassando a marca de 2,7 m\u00e9dicos para cada mil habitantes. Tamb\u00e9m temos 389 institui\u00e7\u00f5es de ensino superior que oferecem o curso, e este n\u00famero corre o risco de aumentar ainda mais, pois houve o lan\u00e7amento de um edital, em outubro de 2023, para a obten\u00e7\u00e3o de autoriza\u00e7\u00e3o do funcionamento de at\u00e9 95novos cursos privados de Medicina pelo programa Mais M\u00e9dicos.<\/p>\n<p>A quantidade de m\u00e9dicos para cada mil habitantes no Brasil supera por pouco o n\u00famero dos EUA (2,6), mas vale ressaltar que o pa\u00eds norte-americano conta com apenas 184 escolas de Medicina, ou seja, menos da metade do que temos no Brasil hoje. A quantidade dessas institui\u00e7\u00f5es em territ\u00f3rio brasileiro nos garante a segunda posi\u00e7\u00e3o mundial, atr\u00e1s apenas da \u00cdndia, que, entretanto, tem uma popula\u00e7\u00e3o seis vezes maior que abrasileira, de mais de 1,4 bilh\u00e3o de pessoas.<\/p>\n<p>De acordo com a pesquisa Demografia M\u00e9dica no Brasil 2023, realizada pela Faculdade de Medicina da USP em parceria com a Associa\u00e7\u00e3o M\u00e9dica Brasileira (AMB), se todos os cursos de Medicina pretendidos via a\u00e7\u00f5es judiciais fossem abertos, a estimativa \u00e9 de que o Pa\u00eds contaria com 1,3 milh\u00e3o de m\u00e9dicos e 6,3 profissionais por mil habitantes em 2035, o que n\u00e3o \u00e9 compat\u00edvel com o sistema de sa\u00fade brasileiro.<\/p>\n<p>Atualmente, est\u00e1 em julgamento no Supremo Tribunal Federal (STF) uma a\u00e7\u00e3o (ADC 81) que discute a constitucionalidade do artigo 3.\u00ba da Lei do Mais M\u00e9dicos, sobre a abertura de cursos e vagas de Medicina em institui\u00e7\u00f5es privadas de ensino, incluindo os 95 previstos no edital de outubro. O objetivo seria implementar faculdades de Medicina em regi\u00f5es com poucos m\u00e9dicos, com a pretens\u00e3o de fix\u00e1-los nesses locais. Na pr\u00e1tica, entretanto, isso n\u00e3o funciona e contribuiria ainda mais para a piora na educa\u00e7\u00e3o dos profissionais, pois s\u00e3o localidades sem estrutura para oferecer a forma\u00e7\u00e3o m\u00ednima adequada.<\/p>\n<p>Nos \u00faltimos dez anos foram abertas cerca de 150 escolas de Medicina, a imensa maioria delas sem capacidade de atender a crit\u00e9rios b\u00e1sicos e essenciais para a forma\u00e7\u00e3o do estudante, como a exist\u00eancia de leitos do SUS para a pr\u00e1tica m\u00e9dica, programas de resid\u00eancia, presen\u00e7a de hospital de ensino e a exist\u00eancia de um corpo docente qualificado. De acordo com o Conselho Federal de Medicina e a Associa\u00e7\u00e3o M\u00e9dica Brasileira, cerca de 80% das escolas m\u00e9dicas existentes n\u00e3o cumprem ao menos um desses requisitos, o que demanda uma a\u00e7\u00e3o contundente de fiscaliza\u00e7\u00e3o.<\/p>\n<p>Caso sejam criadas faculdades em regi\u00f5es long\u00ednquas, com poucos m\u00e9dicos, \u00e9 prov\u00e1vel tamb\u00e9m que haja uma escassez de professores preparados para lecionar, o que s\u00f3 agravaria o cen\u00e1rio de m\u00e1 forma\u00e7\u00e3o generalizada visto nos \u00faltimos anos. Al\u00e9m disso, apostar em que o aumento do n\u00famero de institui\u00e7\u00f5es em localidades com lacunas de assist\u00eancia m\u00e9dica resolveria o problema \u00e9 um equ\u00edvoco, pois nada garante que o profissional formado l\u00e1 se fixe naquela cidade. A tend\u00eancia \u00e9 de que esses m\u00e9dicos busquem se especializar e atuar em lugares mais qualificados, buscando crescimento na carreira.<\/p>\n<p>Em vez de nos preocuparmos com a quantidade de m\u00e9dicos, \u00e9 imperativo que foquemos na qualidade da forma\u00e7\u00e3o, pois \u00e9 isso que garantir\u00e1 um bom atendimento ao paciente. Um m\u00e9dico com uma forma\u00e7\u00e3o ruim resulta numa grande onera\u00e7\u00e3o ao servi\u00e7o de sa\u00fade como um todo, pois pode demorar mais para chegar a um diagn\u00f3stico e at\u00e9 mesmo pedir a realiza\u00e7\u00e3o de exames desnecess\u00e1rios, por exemplo, por causa de sua inseguran\u00e7a e m\u00e1 qualifica\u00e7\u00e3o.<\/p>\n<p>Nesse sentido, \u00e9 necess\u00e1ria uma forma de avaliar os conhecimentos dos m\u00e9dicos rec\u00e9m-formados. Hoje, egressos brasileiros ou estrangeiros de institui\u00e7\u00f5es de Medicina fora do Brasil precisam realizar o Revalida, exame obrigat\u00f3rio para validar o diploma obtido internacionalmente. Da mesma forma, a Associa\u00e7\u00e3o Paulista de Medicina e outras entidades da classe defendem a cria\u00e7\u00e3o de um exame como esse para todos os m\u00e9dicos rec\u00e9m-formados no Brasil, garantindo que est\u00e3o aptos a exercer a profiss\u00e3o \u2013 assim como j\u00e1 foi feito no passado com o exame do Cremesp e \u00e9 feito na prova da OAB para os futuros advogados.<\/p>\n<p>N\u00e3o devemos somente aumentar o n\u00famero de m\u00e9dicos em locais com baixo \u00edndice de assist\u00eancia, mas sim elaborar estrat\u00e9gias para promover a interioriza\u00e7\u00e3o dos profissionais que acabam se concentrando em grandes centros, como S\u00e3o Paulo e Rio de Janeiro. O problema \u00e9 complexo e demanda um esfor\u00e7o conjunto de uma s\u00e9rie de agentes da sociedade. Mas uma coisa \u00e9 certa: n\u00e3o precisamos de mais m\u00e9dicos.<\/p>\n","protected":false},"excerpt":{"rendered":"<p>fonte: AMB por Antonio Jos\u00e9 Gon\u00e7alves,&nbsp;presidente da Associa\u00e7\u00e3o Paulista de Medicina O Brasil n\u00e3o precisa de mais m\u00e9dicos nem de mais faculdades de Medicina. O essencial \u00e9 garantir a qualidade da forma\u00e7\u00e3o. Hoje, temos mais de 560 mil m\u00e9dicos em atua\u00e7\u00e3o, ultrapassando a marca de 2,7 m\u00e9dicos para cada mil habitantes. Tamb\u00e9m temos 389 institui\u00e7\u00f5es [&hellip;]<\/p>\n","protected":false},"author":1,"featured_media":13190,"comment_status":"closed","ping_status":"closed","sticky":false,"template":"","format":"standard","meta":{"ngg_post_thumbnail":0,"footnotes":""},"categories":[2],"tags":[],"class_list":["post-16739","post","type-post","status-publish","format-standard","has-post-thumbnail","hentry","category-noticias"],"aioseo_notices":[],"gutentor_comment":0,"_links":{"self":[{"href":"https:\/\/sobedrj.com.br\/novo\/wp-json\/wp\/v2\/posts\/16739","targetHints":{"allow":["GET"]}}],"collection":[{"href":"https:\/\/sobedrj.com.br\/novo\/wp-json\/wp\/v2\/posts"}],"about":[{"href":"https:\/\/sobedrj.com.br\/novo\/wp-json\/wp\/v2\/types\/post"}],"author":[{"embeddable":true,"href":"https:\/\/sobedrj.com.br\/novo\/wp-json\/wp\/v2\/users\/1"}],"replies":[{"embeddable":true,"href":"https:\/\/sobedrj.com.br\/novo\/wp-json\/wp\/v2\/comments?post=16739"}],"version-history":[{"count":1,"href":"https:\/\/sobedrj.com.br\/novo\/wp-json\/wp\/v2\/posts\/16739\/revisions"}],"predecessor-version":[{"id":16740,"href":"https:\/\/sobedrj.com.br\/novo\/wp-json\/wp\/v2\/posts\/16739\/revisions\/16740"}],"wp:featuredmedia":[{"embeddable":true,"href":"https:\/\/sobedrj.com.br\/novo\/wp-json\/wp\/v2\/media\/13190"}],"wp:attachment":[{"href":"https:\/\/sobedrj.com.br\/novo\/wp-json\/wp\/v2\/media?parent=16739"}],"wp:term":[{"taxonomy":"category","embeddable":true,"href":"https:\/\/sobedrj.com.br\/novo\/wp-json\/wp\/v2\/categories?post=16739"},{"taxonomy":"post_tag","embeddable":true,"href":"https:\/\/sobedrj.com.br\/novo\/wp-json\/wp\/v2\/tags?post=16739"}],"curies":[{"name":"wp","href":"https:\/\/api.w.org\/{rel}","templated":true}]}}