{"id":16744,"date":"2024-07-05T10:05:23","date_gmt":"2024-07-05T13:05:23","guid":{"rendered":"https:\/\/sobedrj.com.br\/novo\/?p=16744"},"modified":"2024-07-08T14:52:46","modified_gmt":"2024-07-08T17:52:46","slug":"medicos-vao-eleger-novos-conselheiros-federais-em-agosto","status":"publish","type":"post","link":"https:\/\/sobedrj.com.br\/novo\/2024\/07\/05\/medicos-vao-eleger-novos-conselheiros-federais-em-agosto\/","title":{"rendered":"M\u00e9dicos v\u00e3o eleger novos conselheiros federais em agosto"},"content":{"rendered":"<p>fonte: <a href=\"https:\/\/cremerj.org.br\/informes\/exibe\/6017\" target=\"_blank\" rel=\"noopener\">Cremerj<\/a><\/p>\n<p>O mandato dos atuais 54 conselheiros federais termina no dia 30 de setembro e a elei\u00e7\u00e3o do grupo que vai assumir o mandato 2024-2029 j\u00e1 est\u00e1 marcada: ser\u00e1 nos dias 6 e 7 de agosto, das 8h \u00e0s 20h, de forma online.<\/p>\n<p>Assim como ocorreu ano passado, na elei\u00e7\u00e3o para o mandato 2023-2028 dos Conselhos Regionais de Medicina (CRMs), os m\u00e9dicos poder\u00e3o votar pela internet utilizando seu celular, tablet ou computador, de forma r\u00e1pida e simples. Como no ano passado, o processo contar\u00e1 com os mais modernos recursos tecnol\u00f3gicos para proteger o sigilo do voto e a autenticidade da identidade do m\u00e9dico votante.<\/p>\n<p>A autentica\u00e7\u00e3o da identidade ser\u00e1 feita por v\u00e1rios meios: biometria facial, certificado digital e em nuvem (padr\u00e3o ICP-Brasil) e com c\u00f3digo PIN recebido por e-mail ou SMS, com duplo fator de autentica\u00e7\u00e3o. Para ter certeza de que receber\u00e1 o PIN de forma correta, o m\u00e9dico deve atualizar seu e-mail e o n\u00famero do telefone celular no CRM do estado onde est\u00e1 inscrito. Tais dados poder\u00e3o ser atualizados pelo site&nbsp;<a href=\"http:\/\/www.crmvirtual.cfm.org.br\/\" target=\"_blank\" rel=\"noopener\" data-saferedirecturl=\"https:\/\/www.google.com\/url?q=http:\/\/www.crmvirtual.cfm.org.br&amp;source=gmail&amp;ust=1714138698298000&amp;usg=AOvVaw2lXIodxStxKaXMHAImZk87\">www.crmvirtual.cfm.org.br<\/a>.<\/p>\n<p><strong>Voto<\/strong>&nbsp;\u2013 Os 26 estados e o Distrito Federal eleger\u00e3o um conselheiro federal titular e um suplente. O voto \u00e9 obrigat\u00f3rio para todos os m\u00e9dicos, sendo facultativo para quem tem mais de 70 anos. Apenas os m\u00e9dicos que atuam exclusivamente como militares n\u00e3o podem votar e ser votados.<\/p>\n<p>Para votar, os m\u00e9dicos devem estar em situa\u00e7\u00e3o regular junto ao seu CRM (sem d\u00e9bitos ou pend\u00eancias administrativas). Caso tenha algum problema, deve resolv\u00ea-lo at\u00e9 30 de julho, data limite para a regulariza\u00e7\u00e3o.<\/p>\n<p>Para saber como est\u00e1 sua situa\u00e7\u00e3o, o m\u00e9dico pode acessar o site&nbsp;<a href=\"http:\/\/www.eleicoescfm.org.br\/\" target=\"_blank\" rel=\"noopener\" data-saferedirecturl=\"https:\/\/www.google.com\/url?q=http:\/\/www.eleicoescfm.org.br&amp;source=gmail&amp;ust=1714138698299000&amp;usg=AOvVaw25XB3UCAQAzXcfA3IOerOX\">www.eleicoescfm.org.br<\/a>. Nele tamb\u00e9m constar\u00e3o as demais informa\u00e7\u00f5es do pleito.<\/p>\n","protected":false},"excerpt":{"rendered":"<p>fonte: Cremerj O mandato dos atuais 54 conselheiros federais termina no dia 30 de setembro e a elei\u00e7\u00e3o do grupo que vai assumir o mandato 2024-2029 j\u00e1 est\u00e1 marcada: ser\u00e1 nos dias 6 e 7 de agosto, das 8h \u00e0s 20h, de forma online. Assim como ocorreu ano passado, na elei\u00e7\u00e3o para o mandato 2023-2028 [&hellip;]<\/p>\n","protected":false},"author":1,"featured_media":16745,"comment_status":"closed","ping_status":"closed","sticky":false,"template":"","format":"standard","meta":{"ngg_post_thumbnail":0,"footnotes":""},"categories":[2],"tags":[],"class_list":["post-16744","post","type-post","status-publish","format-standard","has-post-thumbnail","hentry","category-noticias"],"aioseo_notices":[],"gutentor_comment":0,"_links":{"self":[{"href":"https:\/\/sobedrj.com.br\/novo\/wp-json\/wp\/v2\/posts\/16744","targetHints":{"allow":["GET"]}}],"collection":[{"href":"https:\/\/sobedrj.com.br\/novo\/wp-json\/wp\/v2\/posts"}],"about":[{"href":"https:\/\/sobedrj.com.br\/novo\/wp-json\/wp\/v2\/types\/post"}],"author":[{"embeddable":true,"href":"https:\/\/sobedrj.com.br\/novo\/wp-json\/wp\/v2\/users\/1"}],"replies":[{"embeddable":true,"href":"https:\/\/sobedrj.com.br\/novo\/wp-json\/wp\/v2\/comments?post=16744"}],"version-history":[{"count":2,"href":"https:\/\/sobedrj.com.br\/novo\/wp-json\/wp\/v2\/posts\/16744\/revisions"}],"predecessor-version":[{"id":16904,"href":"https:\/\/sobedrj.com.br\/novo\/wp-json\/wp\/v2\/posts\/16744\/revisions\/16904"}],"wp:featuredmedia":[{"embeddable":true,"href":"https:\/\/sobedrj.com.br\/novo\/wp-json\/wp\/v2\/media\/16745"}],"wp:attachment":[{"href":"https:\/\/sobedrj.com.br\/novo\/wp-json\/wp\/v2\/media?parent=16744"}],"wp:term":[{"taxonomy":"category","embeddable":true,"href":"https:\/\/sobedrj.com.br\/novo\/wp-json\/wp\/v2\/categories?post=16744"},{"taxonomy":"post_tag","embeddable":true,"href":"https:\/\/sobedrj.com.br\/novo\/wp-json\/wp\/v2\/tags?post=16744"}],"curies":[{"name":"wp","href":"https:\/\/api.w.org\/{rel}","templated":true}]}}