{"id":16825,"date":"2024-06-21T08:43:58","date_gmt":"2024-06-21T11:43:58","guid":{"rendered":"https:\/\/sobedrj.com.br\/novo\/?p=16825"},"modified":"2024-06-26T06:38:13","modified_gmt":"2024-06-26T09:38:13","slug":"anuncio-de-pos-graduados-como-medicos-especialistas-e-proibido-pela-justica","status":"publish","type":"post","link":"https:\/\/sobedrj.com.br\/novo\/2024\/06\/21\/anuncio-de-pos-graduados-como-medicos-especialistas-e-proibido-pela-justica\/","title":{"rendered":"An\u00fancio de p\u00f3s-graduados como m\u00e9dicos especialistas \u00e9 proibido pela Justi\u00e7a"},"content":{"rendered":"<p>fonte: <a href=\"https:\/\/portal.cfm.org.br\/noticias\/anuncio-de-pos-graduados-como-medicos-especialistas-e-proibido-pela-justica\" target=\"_blank\" rel=\"noopener\">CFM<\/a><\/p>\n<p>O juiz federal Daniel Carneiro Machado, da 12\u00aa Vara Federal C\u00edvel de Belo Horizonte, Se\u00e7\u00e3o Judici\u00e1ria de Minas Gerais, negou a p\u00f3s-graduados na \u00e1rea de neurologia o direito de exercer a medicina divulgando e anunciando a condi\u00e7\u00e3o de especialistas, por terem cursado p\u00f3s-gradua\u00e7\u00e3o na \u00e1rea. Na a\u00e7\u00e3o, impetrada contra o Conselho Regional de Medicina do Estado de Minas Gerais (CRM-MG) e o Conselho Federal de Medicina (CFM), os impetrantes argumentaram ter conclu\u00eddo curso oferecido pela Santa Casa de Miseric\u00f3rdia da capital mineira sobre a especialidade, no entanto \u201cn\u00e3o podem divulgar seu trabalho como especialistas em Neurologia, por n\u00e3o possu\u00edrem o Registro de Qualifica\u00e7\u00e3o de Especialidade (RQE)\u201d.<\/p>\n<p>Apesar da alega\u00e7\u00e3o apresentada, o magistrado ponderou n\u00e3o ser \u201cposs\u00edvel o desempenho da medicina sob o ep\u00edteto de \u201cespecialista, quando n\u00e3o apresentado, para registro no respectivo Conselho, de certificado de conclus\u00e3o do curso de especialista, resid\u00eancia na \u00e1rea m\u00e9dica mencionada\u201d. Quanto aos requisitos legais para concess\u00e3o do direito requerido, o juiz frisou que a exig\u00eancia estabelecida \u201cencontra respaldo na Lei 3.268\/1957, recepcionada pela Constitui\u00e7\u00e3o Federal, que atribui ao Conselho Federal de Medicina a fun\u00e7\u00e3o de julgar e disciplinar a classe m\u00e9dica, vinculando o exerc\u00edcio da medicina em seus ramos ou especialidades ao pr\u00e9vio registro dos t\u00edtulos, diplomas, certificados ou cartas no MEC e da inscri\u00e7\u00e3o no conselho profissional.<\/p>\n<p>Conforme justificou ainda o magistrado, \u201cdisp\u00f4s o CFM que o m\u00e9dico torna-se especialista se conclui a resid\u00eancia m\u00e9dica reconhecida pela Comiss\u00e3o Nacional de Resid\u00eancia M\u00e9dica ou obt\u00e9m o t\u00edtulo ap\u00f3s curso aprovado pelas Sociedades de Especialidades M\u00e9dicas que comp\u00f5em a Associa\u00e7\u00e3o M\u00e9dica Brasileira (AMB) \u201d, detalhou Daniel Carneiro Machado.<\/p>\n<p>Ao final do despacho, o juiz federal ressaltou ainda: \u201ca titula\u00e7\u00e3o na forma como exigida para registro no CRM-MG n\u00e3o \u00e9 condi\u00e7\u00e3o para o exerc\u00edcio da medicina pelos autores, mas sim requisito v\u00e1lido para o registro e divulga\u00e7\u00e3o da qualidade de especialista em determinada \u00e1rea da medicina\u201d. Conhe\u00e7a&nbsp;<strong><a href=\"https:\/\/portal.cfm.org.br\/wp-content\/uploads\/2024\/05\/Evento-10-CRM-MG-pos.pdf\">AQUI<\/a><\/strong>&nbsp;a \u00edntegra da decis\u00e3o.<\/p>\n","protected":false},"excerpt":{"rendered":"<p>fonte: CFM O juiz federal Daniel Carneiro Machado, da 12\u00aa Vara Federal C\u00edvel de Belo Horizonte, Se\u00e7\u00e3o Judici\u00e1ria de Minas Gerais, negou a p\u00f3s-graduados na \u00e1rea de neurologia o direito de exercer a medicina divulgando e anunciando a condi\u00e7\u00e3o de especialistas, por terem cursado p\u00f3s-gradua\u00e7\u00e3o na \u00e1rea. Na a\u00e7\u00e3o, impetrada contra o Conselho Regional de [&hellip;]<\/p>\n","protected":false},"author":1,"featured_media":16801,"comment_status":"closed","ping_status":"closed","sticky":false,"template":"","format":"standard","meta":{"ngg_post_thumbnail":0,"footnotes":""},"categories":[2],"tags":[],"class_list":["post-16825","post","type-post","status-publish","format-standard","has-post-thumbnail","hentry","category-noticias"],"aioseo_notices":[],"gutentor_comment":0,"_links":{"self":[{"href":"https:\/\/sobedrj.com.br\/novo\/wp-json\/wp\/v2\/posts\/16825","targetHints":{"allow":["GET"]}}],"collection":[{"href":"https:\/\/sobedrj.com.br\/novo\/wp-json\/wp\/v2\/posts"}],"about":[{"href":"https:\/\/sobedrj.com.br\/novo\/wp-json\/wp\/v2\/types\/post"}],"author":[{"embeddable":true,"href":"https:\/\/sobedrj.com.br\/novo\/wp-json\/wp\/v2\/users\/1"}],"replies":[{"embeddable":true,"href":"https:\/\/sobedrj.com.br\/novo\/wp-json\/wp\/v2\/comments?post=16825"}],"version-history":[{"count":1,"href":"https:\/\/sobedrj.com.br\/novo\/wp-json\/wp\/v2\/posts\/16825\/revisions"}],"predecessor-version":[{"id":16826,"href":"https:\/\/sobedrj.com.br\/novo\/wp-json\/wp\/v2\/posts\/16825\/revisions\/16826"}],"wp:featuredmedia":[{"embeddable":true,"href":"https:\/\/sobedrj.com.br\/novo\/wp-json\/wp\/v2\/media\/16801"}],"wp:attachment":[{"href":"https:\/\/sobedrj.com.br\/novo\/wp-json\/wp\/v2\/media?parent=16825"}],"wp:term":[{"taxonomy":"category","embeddable":true,"href":"https:\/\/sobedrj.com.br\/novo\/wp-json\/wp\/v2\/categories?post=16825"},{"taxonomy":"post_tag","embeddable":true,"href":"https:\/\/sobedrj.com.br\/novo\/wp-json\/wp\/v2\/tags?post=16825"}],"curies":[{"name":"wp","href":"https:\/\/api.w.org\/{rel}","templated":true}]}}