{"id":16941,"date":"2024-08-21T08:56:30","date_gmt":"2024-08-21T11:56:30","guid":{"rendered":"https:\/\/sobedrj.com.br\/novo\/?p=16941"},"modified":"2024-08-21T16:21:12","modified_gmt":"2024-08-21T19:21:12","slug":"artigo-dialogo-contra-a-crise-dos-hospitais-federais-no-rio","status":"publish","type":"post","link":"https:\/\/sobedrj.com.br\/novo\/2024\/08\/21\/artigo-dialogo-contra-a-crise-dos-hospitais-federais-no-rio\/","title":{"rendered":"ARTIGO: Di\u00e1logo contra a crise dos hospitais federais no Rio"},"content":{"rendered":"<p>fonte: <a href=\"https:\/\/oglobo.globo.com\/opiniao\/artigos\/coluna\/2024\/08\/dialogo-contra-a-crise-dos-hospitais-federais-no-rio.ghtml\">O Globo<\/a><\/p>\n<p>por Jorge Darze, diretor da Federa\u00e7\u00e3o Nacional dos M\u00e9dicos<\/p>\n<div class=\"mc-column content-text active-extra-styles active-capital-letter\" data-block-type=\"unstyled\" data-block-weight=\"75\" data-block-id=\"2\">\n<p class=\" content-text__container theme-color-primary-first-letter\" data-track-category=\"Link no Texto\" data-track-links=\"\" data-mrf-recirculation=\"Recomenda\u00e7\u00e3o meio do texto\">Apesar do nosso respeito pelo autor do&nbsp;<a class=\"\" href=\"https:\/\/oglobo.globo.com\/opiniao\/artigos\/coluna\/2024\/08\/parcerias-contra-a-crise-dos-hospitais-federais-no-rio.ghtml\" data-mrf-link=\"https:\/\/oglobo.globo.com\/opiniao\/artigos\/coluna\/2024\/08\/parcerias-contra-a-crise-dos-hospitais-federais-no-rio.ghtml\">artigo \u201cParcerias contra a crise dos hospitais federais no Rio\u201d<\/a>, publicado pelo GLOBO na semana passada, n\u00e3o podemos concordar com suas teses sobre a crise dessas unidades. Fazer parte da democracia \u00e9 ter o direito de discordar e apresentar uma vis\u00e3o distinta sobre um problema t\u00e3o complexo. Desde a promulga\u00e7\u00e3o da Constitui\u00e7\u00e3o de 1988, at\u00e9 hoje nada foi feito para livrar esses hospitais das muitas dificuldades que enfrentam.<\/p>\n<\/div>\n<div class=\"wall protected-content\">\n<div class=\"mc-column content-text active-extra-styles \" data-block-type=\"unstyled\" data-block-weight=\"61\" data-block-id=\"4\">\n<p class=\" content-text__container \" data-track-category=\"Link no Texto\" data-track-links=\"\" data-mrf-recirculation=\"Recomenda\u00e7\u00e3o meio do texto\">S\u00f3 quando o programa&nbsp;Fant\u00e1stico revelou a situa\u00e7\u00e3o prec\u00e1ria dessas unidades, o governo federal parece ter despertado para a gravidade do problema e apresentado solu\u00e7\u00f5es atabalhoadas, sem ouvir o controle social previsto na Lei 8.142 de 1990 e sem abrir um di\u00e1logo efetivo com as institui\u00e7\u00f5es representativas da sociedade civil. Para quem defende o SUS, essa postura \u00e9 um erro grave.<\/p>\n<\/div>\n<div class=\"mc-column content-text active-extra-styles \" data-block-type=\"unstyled\" data-block-weight=\"46\" data-block-id=\"6\">\n<p class=\" content-text__container \" data-track-category=\"Link no Texto\" data-track-links=\"\" data-mrf-recirculation=\"Recomenda\u00e7\u00e3o meio do texto\">O Conselho Municipal de Sa\u00fade do Rio de Janeiro j\u00e1 se posicionou contra as propostas apresentadas pelo governo at\u00e9 o momento, pois elas representam um risco de privatiza\u00e7\u00e3o e desrespeito \u00e0 Constitui\u00e7\u00e3o Federal, que estabelece a sa\u00fade como um direito de todos e dever do Estado.<\/p>\n<\/div>\n<div class=\"mc-column content-text active-extra-styles \" data-block-type=\"unstyled\" data-block-weight=\"54\" data-block-id=\"7\">\n<p class=\" content-text__container \" data-track-category=\"Link no Texto\" data-track-links=\"\" data-mrf-recirculation=\"Recomenda\u00e7\u00e3o meio do texto\">Ao longo dos anos, o governo federal abandonou deliberadamente esses hospitais, permitindo que deputados indicassem as dire\u00e7\u00f5es das unidades e a gest\u00e3o fosse feita para satisfazer interesses pol\u00edtico-partid\u00e1rios, em vez de priorizar o atendimento \u00e0 popula\u00e7\u00e3o. Essa \u00e9 a verdadeira raiz da crise, que n\u00e3o \u00e9 de hoje, mas vem se acumulando h\u00e1 d\u00e9cadas.<\/p>\n<\/div>\n<div class=\"mc-column content-text active-extra-styles \" data-block-type=\"unstyled\" data-block-weight=\"73\" data-block-id=\"9\">\n<p class=\" content-text__container \" data-track-category=\"Link no Texto\" data-track-links=\"\" data-mrf-recirculation=\"Recomenda\u00e7\u00e3o meio do texto\">Al\u00e9m disso, o Poder Executivo n\u00e3o realiza concursos p\u00fablicos h\u00e1 mais de 20 anos, o que resultou numa perda enorme da for\u00e7a de trabalho, sem a devida reposi\u00e7\u00e3o. Institui\u00e7\u00f5es como a&nbsp;Fiocruz, reconhecida pela sua excel\u00eancia na forma\u00e7\u00e3o de gestores p\u00fablicos, poderiam ter sido convocadas pelo Minist\u00e9rio da Sa\u00fade para oferecer treinamento e apoio \u00e0 gest\u00e3o desses hospitais. No entanto, essa iniciativa nunca foi tomada, contribuindo para a precariza\u00e7\u00e3o e partidariza\u00e7\u00e3o das unidades.<\/p>\n<\/div>\n<div class=\"mc-column content-text active-extra-styles \" data-block-type=\"unstyled\" data-block-weight=\"119\" data-block-id=\"10\">\n<p class=\" content-text__container \" data-track-category=\"Link no Texto\" data-track-links=\"\" data-mrf-recirculation=\"Recomenda\u00e7\u00e3o meio do texto\">N\u00e3o basta o governo se unir ao setor privado na tentativa de resolver o problema. Essa n\u00e3o \u00e9 a solu\u00e7\u00e3o. Esses hospitais federais s\u00e3o e sempre ser\u00e3o refer\u00eancias locais e nacionais, desde que tratados com o devido respeito e com o cumprimento da legisla\u00e7\u00e3o do SUS. Vale destacar que quase todas as unidades p\u00fablicas t\u00eam a presen\u00e7a do setor privado em suas instala\u00e7\u00f5es, distorcendo a regra constitucional de que o privado \u00e9 complemento. Aqui incluo as institui\u00e7\u00f5es que s\u00e3o chamadas de p\u00fablicas, mas n\u00e3o dizem que s\u00e3o de direito privado. Guiam-se pelas regras do setor privado, utilizando grandes somas do dinheiro p\u00fablico que deveria ir diretamente para essas institui\u00e7\u00f5es. As greves nos hospitais universit\u00e1rios revelaram as fragilidades dessa parceria.<\/p>\n<\/div>\n<div class=\"mc-column content-text active-extra-styles \" data-block-type=\"unstyled\" data-block-weight=\"85\" data-block-id=\"11\">\n<p class=\" content-text__container \" data-track-category=\"Link no Texto\" data-track-links=\"\" data-mrf-recirculation=\"Recomenda\u00e7\u00e3o meio do texto\">Portanto, a crise dos hospitais federais no Rio de Janeiro \u00e9, de fato, inteira responsabilidade do Minist\u00e9rio da Sa\u00fade, que, ao longo dos anos, abandonou as unidades, permitiu a interfer\u00eancia pol\u00edtica e a precariza\u00e7\u00e3o do quadro de servidores. A solu\u00e7\u00e3o passa, necessariamente, pelo fortalecimento do setor p\u00fablico, com a realiza\u00e7\u00e3o de concursos, o estabelecimento de uma carreira que incentive esses profissionais, a valoriza\u00e7\u00e3o da gest\u00e3o p\u00fablica e o investimento na manuten\u00e7\u00e3o e moderniza\u00e7\u00e3o de tais estruturas, t\u00e3o importantes para o atendimento \u00e0 sa\u00fade da popula\u00e7\u00e3o.<\/p>\n<\/div>\n<div class=\"mc-column content-text active-extra-styles \" data-block-type=\"unstyled\" data-block-weight=\"45\" data-block-id=\"12\">\n<p class=\" content-text__container \" data-track-category=\"Link no Texto\" data-track-links=\"\" data-mrf-recirculation=\"Recomenda\u00e7\u00e3o meio do texto\">Presidente Lula, sendo o senhor um democrata e defensor do SUS, solicitamos que suspenda as medidas propostas pelo Minist\u00e9rio da Sa\u00fade e nos receba, a fim de estabelecermos um di\u00e1logo democr\u00e1tico. Ou\u00e7a a todos n\u00f3s, para que, juntos, encontremos uma solu\u00e7\u00e3o em favor do SUS.<\/p>\n<\/div>\n<\/div>\n","protected":false},"excerpt":{"rendered":"<p>fonte: O Globo por Jorge Darze, diretor da Federa\u00e7\u00e3o Nacional dos M\u00e9dicos Apesar do nosso respeito pelo autor do&nbsp;artigo \u201cParcerias contra a crise dos hospitais federais no Rio\u201d, publicado pelo GLOBO na semana passada, n\u00e3o podemos concordar com suas teses sobre a crise dessas unidades. Fazer parte da democracia \u00e9 ter o direito de discordar [&hellip;]<\/p>\n","protected":false},"author":1,"featured_media":13190,"comment_status":"closed","ping_status":"closed","sticky":false,"template":"","format":"standard","meta":{"ngg_post_thumbnail":0,"footnotes":""},"categories":[2],"tags":[],"class_list":["post-16941","post","type-post","status-publish","format-standard","has-post-thumbnail","hentry","category-noticias"],"aioseo_notices":[],"gutentor_comment":0,"_links":{"self":[{"href":"https:\/\/sobedrj.com.br\/novo\/wp-json\/wp\/v2\/posts\/16941","targetHints":{"allow":["GET"]}}],"collection":[{"href":"https:\/\/sobedrj.com.br\/novo\/wp-json\/wp\/v2\/posts"}],"about":[{"href":"https:\/\/sobedrj.com.br\/novo\/wp-json\/wp\/v2\/types\/post"}],"author":[{"embeddable":true,"href":"https:\/\/sobedrj.com.br\/novo\/wp-json\/wp\/v2\/users\/1"}],"replies":[{"embeddable":true,"href":"https:\/\/sobedrj.com.br\/novo\/wp-json\/wp\/v2\/comments?post=16941"}],"version-history":[{"count":1,"href":"https:\/\/sobedrj.com.br\/novo\/wp-json\/wp\/v2\/posts\/16941\/revisions"}],"predecessor-version":[{"id":16942,"href":"https:\/\/sobedrj.com.br\/novo\/wp-json\/wp\/v2\/posts\/16941\/revisions\/16942"}],"wp:featuredmedia":[{"embeddable":true,"href":"https:\/\/sobedrj.com.br\/novo\/wp-json\/wp\/v2\/media\/13190"}],"wp:attachment":[{"href":"https:\/\/sobedrj.com.br\/novo\/wp-json\/wp\/v2\/media?parent=16941"}],"wp:term":[{"taxonomy":"category","embeddable":true,"href":"https:\/\/sobedrj.com.br\/novo\/wp-json\/wp\/v2\/categories?post=16941"},{"taxonomy":"post_tag","embeddable":true,"href":"https:\/\/sobedrj.com.br\/novo\/wp-json\/wp\/v2\/tags?post=16941"}],"curies":[{"name":"wp","href":"https:\/\/api.w.org\/{rel}","templated":true}]}}