{"id":17023,"date":"2024-09-24T06:33:46","date_gmt":"2024-09-24T09:33:46","guid":{"rendered":"https:\/\/sobedrj.com.br\/novo\/?p=17023"},"modified":"2024-09-24T06:33:46","modified_gmt":"2024-09-24T09:33:46","slug":"2a-jornada-de-doencas-biliopancreaticas-ocorre-em-outubro-e-conta-com-inscricoes-gratuitas","status":"publish","type":"post","link":"https:\/\/sobedrj.com.br\/novo\/2024\/09\/24\/2a-jornada-de-doencas-biliopancreaticas-ocorre-em-outubro-e-conta-com-inscricoes-gratuitas\/","title":{"rendered":"2\u00aa Jornada de Doen\u00e7as Biliopancre\u00e1ticas ocorre em outubro e conta com inscri\u00e7\u00f5es gratuitas"},"content":{"rendered":"<p>A 2\u00aa Jornada de Doen\u00e7as Biliopancre\u00e1ticas ser\u00e1 realizada nos dias 18 e 19 de outubro, sexta-feira e s\u00e1bado, respectivamente, no Hospital Unimed Costa do Sol, em Maca\u00e9.<\/p>\n<p>O evento ser\u00e1 h\u00edbrido e as inscri\u00e7\u00f5es s\u00e3o gratuitas tanto para quem participar presencialmente, como online.<\/p>\n<p><a href=\"http:\/\/sobedrj.com.br\/novo\/wp-content\/uploads\/2024\/09\/2a-JORNADA-DE-DOENCAS-BILIO-PANCREATICAS-DO-HUCS.pdf\" target=\"_blank\" rel=\"noopener\">CONFIRA A PROGRAMA\u00c7\u00c3O<\/a><\/p>\n<p>Ao longo dos dois dias de atividades cient\u00edficas ser\u00e3o abordados temas como Adenocarcinoma ductal do p\u00e2ncreas, Pancreatite aguda, Colangiocarcinoma (CGCA), Cistos neopl\u00e1sicos do p\u00e2ncreas e Tumores neuroend\u00f3crinos do p\u00e2ncreas.<\/p>\n<p><a href=\"https:\/\/www.eventbrite.com.br\/e\/2a-jornada-de-doencas-bilio-pancreaticas-do-hucs-tickets-1012853701687?aff=oddtdtcreator\" target=\"_blank\" rel=\"noopener\">FA\u00c7A SUA INSCRI\u00c7\u00c3O GRATUITA<\/a><\/p>\n","protected":false},"excerpt":{"rendered":"<p>A 2\u00aa Jornada de Doen\u00e7as Biliopancre\u00e1ticas ser\u00e1 realizada nos dias 18 e 19 de outubro, sexta-feira e s\u00e1bado, respectivamente, no Hospital Unimed Costa do Sol, em Maca\u00e9. O evento ser\u00e1 h\u00edbrido e as inscri\u00e7\u00f5es s\u00e3o gratuitas tanto para quem participar presencialmente, como online. CONFIRA A PROGRAMA\u00c7\u00c3O Ao longo dos dois dias de atividades cient\u00edficas ser\u00e3o [&hellip;]<\/p>\n","protected":false},"author":1,"featured_media":17025,"comment_status":"closed","ping_status":"closed","sticky":false,"template":"","format":"standard","meta":{"ngg_post_thumbnail":0,"footnotes":""},"categories":[2],"tags":[],"class_list":["post-17023","post","type-post","status-publish","format-standard","has-post-thumbnail","hentry","category-noticias"],"aioseo_notices":[],"gutentor_comment":0,"_links":{"self":[{"href":"https:\/\/sobedrj.com.br\/novo\/wp-json\/wp\/v2\/posts\/17023","targetHints":{"allow":["GET"]}}],"collection":[{"href":"https:\/\/sobedrj.com.br\/novo\/wp-json\/wp\/v2\/posts"}],"about":[{"href":"https:\/\/sobedrj.com.br\/novo\/wp-json\/wp\/v2\/types\/post"}],"author":[{"embeddable":true,"href":"https:\/\/sobedrj.com.br\/novo\/wp-json\/wp\/v2\/users\/1"}],"replies":[{"embeddable":true,"href":"https:\/\/sobedrj.com.br\/novo\/wp-json\/wp\/v2\/comments?post=17023"}],"version-history":[{"count":1,"href":"https:\/\/sobedrj.com.br\/novo\/wp-json\/wp\/v2\/posts\/17023\/revisions"}],"predecessor-version":[{"id":17026,"href":"https:\/\/sobedrj.com.br\/novo\/wp-json\/wp\/v2\/posts\/17023\/revisions\/17026"}],"wp:featuredmedia":[{"embeddable":true,"href":"https:\/\/sobedrj.com.br\/novo\/wp-json\/wp\/v2\/media\/17025"}],"wp:attachment":[{"href":"https:\/\/sobedrj.com.br\/novo\/wp-json\/wp\/v2\/media?parent=17023"}],"wp:term":[{"taxonomy":"category","embeddable":true,"href":"https:\/\/sobedrj.com.br\/novo\/wp-json\/wp\/v2\/categories?post=17023"},{"taxonomy":"post_tag","embeddable":true,"href":"https:\/\/sobedrj.com.br\/novo\/wp-json\/wp\/v2\/tags?post=17023"}],"curies":[{"name":"wp","href":"https:\/\/api.w.org\/{rel}","templated":true}]}}