{"id":17529,"date":"2025-02-24T08:06:26","date_gmt":"2025-02-24T11:06:26","guid":{"rendered":"https:\/\/sobedrj.com.br\/novo\/?p=17529"},"modified":"2025-02-25T12:44:36","modified_gmt":"2025-02-25T15:44:36","slug":"artigo-em-o-globo-destaca-campanha-marco-azul","status":"publish","type":"post","link":"https:\/\/sobedrj.com.br\/novo\/2025\/02\/24\/artigo-em-o-globo-destaca-campanha-marco-azul\/","title":{"rendered":"Artigo em O Globo destaca campanha Mar\u00e7o Azul"},"content":{"rendered":"<p>fonte: <a href=\"https:\/\/oglobo.globo.com\/opiniao\/artigos\/coluna\/2025\/02\/exames-de-prevencao-do-cancer-do-intestino-tem-de-comecar-aos-45-anos.ghtml\" target=\"_blank\" rel=\"noopener\">O Globo<\/a><\/p>\n<p>por Eduarda Tebet e Marcelo Averbach<\/p>\n<div class=\"mc-column content-text active-extra-styles active-capital-letter\" data-block-type=\"unstyled\" data-block-weight=\"70\" data-block-id=\"2\">\n<p class=\" content-text__container theme-color-primary-first-letter\" data-track-category=\"Link no Texto\" data-track-links=\"\" data-mrf-recirculation=\"Article links\">Num espa\u00e7o de oito d\u00e9cadas, ganhamos mais de 30 anos de vida. Em 1940, um brasileiro vivia em m\u00e9dia 45 anos. No fim do ano passado, a expectativa de vida era de 76,4 anos, segundo o&nbsp;<a class=\"\" href=\"https:\/\/oglobo.globo.com\/tudo-sobre\/instituicao-governamental\/ibge\" data-mrf-link=\"https:\/\/oglobo.globo.com\/tudo-sobre\/instituicao-governamental\/ibge\">IBGE<\/a>. Em 2025, talvez o foco n\u00e3o seja mais quanto podemos viver, mas como. Um movimento importante em prol da preven\u00e7\u00e3o j\u00e1 come\u00e7ou. E a sa\u00fade do intestino tem tudo a ver com isso.<\/p>\n<\/div>\n<div class=\"wall protected-content\">\n<div class=\"mc-column content-text active-extra-styles \" data-block-type=\"unstyled\" data-block-weight=\"77\" data-block-id=\"4\">\n<p class=\" content-text__container \" data-track-category=\"Link no Texto\" data-track-links=\"\" data-mrf-recirculation=\"Article links\">Dados compilados pela&nbsp;<a class=\"\" href=\"https:\/\/www.marcoazul.org.br\/\" target=\"_blank\" rel=\"noopener\" data-mrf-link=\"https:\/\/www.marcoazul.org.br\/\">campanha Mar\u00e7o Azul&nbsp;<\/a>edi\u00e7\u00e3o 2025 apontam uma rela\u00e7\u00e3o estreita entre qualidade de vida e diagn\u00f3stico precoce do c\u00e2ncer de intestino (ou colorretal). Diante da nova realidade, a partir deste ano a Sociedade Brasileira de Endoscopia Digestiva (Sobed) e a Sociedade Brasileira de Coloproctologia (SBCP) decidiram refor\u00e7ar a recomenda\u00e7\u00e3o para que os exames preventivos para a detec\u00e7\u00e3o precoce do c\u00e2ncer de intestino sejam realizados a partir dos 45 anos (antes, a idade indicada era 50).<\/p>\n<\/div>\n<div class=\"mc-column content-text active-extra-styles \" data-block-type=\"unstyled\" data-block-weight=\"117\" data-block-id=\"6\">\n<p class=\" content-text__container \" data-track-category=\"Link no Texto\" data-track-links=\"\" data-mrf-recirculation=\"Article links\">\u00c9 preciso fazer uma releitura, sobretudo diante da proje\u00e7\u00e3o de aumento de casos de c\u00e2ncer de intestino, divulgada pelo Instituto Nacional do C\u00e2ncer em 2023. Estima-se que 45 mil brasileiros ser\u00e3o diagnosticados com a doen\u00e7a neste ano, assim como deve ter ocorrido em 2024 e 2023. Casos de c\u00e2ncer de intestino representam 10% do total de tumores e s\u00e3o o segundo tipo mais comum, tanto entre homens quanto em mulheres, atr\u00e1s apenas dos c\u00e2nceres de pr\u00f3stata e de mama feminina, respectivamente \u2014 excluindo o c\u00e2ncer de pele n\u00e3o melanoma. O c\u00e2ncer de intestino \u2014 tamb\u00e9m chamado de c\u00f3lon, de reto ou colorretal \u2014 geralmente surge a partir de p\u00f3lipos (les\u00f5es benignas) na parede interna do intestino grosso.<\/p>\n<\/div>\n<div class=\"mc-column content-text active-extra-styles \" data-block-type=\"unstyled\" data-block-weight=\"54\" data-block-id=\"7\">\n<p class=\" content-text__container \" data-track-category=\"Link no Texto\" data-track-links=\"\" data-mrf-recirculation=\"Article links\">Outro aspecto relevante \u00e9 a previs\u00e3o de 10% de aumento na taxa de mortalidade prematura por c\u00e2ncer de intestino entre pessoas com idade entre 30 a 69 anos. Esse aumento representaria 27 mil mortes a mais. Ao analisar os dados, n\u00e3o h\u00e1 justificativa para n\u00e3o adotar os novos par\u00e2metros, recomendados pela American Cancer Society.<\/p>\n<\/div>\n<div class=\"mc-column content-text active-extra-styles \" data-block-type=\"unstyled\" data-block-weight=\"38\" data-block-id=\"9\">\n<p class=\" content-text__container \" data-track-category=\"Link no Texto\" data-track-links=\"\" data-mrf-recirculation=\"Article links\">No Brasil, a pol\u00edtica de rastreamento est\u00e1 aberta, cabendo muitas vezes ao paciente relatar sintomas ao m\u00e9dico, o que pode ser considerado um grande desafio, j\u00e1 que o c\u00e2ncer de intestino costuma n\u00e3o apresentar sintomas na fase inicial.<\/p>\n<\/div>\n<div class=\"mc-column content-text active-extra-styles \" data-block-type=\"unstyled\" data-block-weight=\"43\" data-block-id=\"10\">\n<p class=\" content-text__container \" data-track-category=\"Link no Texto\" data-track-links=\"\" data-mrf-recirculation=\"Article links\">Estamos diante de uma doen\u00e7a silenciosa, com grande chance de cura quando diagnosticada e tratada na fase inicial, mas, em 65% dos casos, \u00e9 descoberta em est\u00e1gio avan\u00e7ado. Dois exames simples podem contribuir significativamente para a detec\u00e7\u00e3o precoce: colonoscopia e exames de fezes.<\/p>\n<\/div>\n<div class=\"mc-column content-text active-extra-styles \" data-block-type=\"unstyled\" data-block-weight=\"96\" data-block-id=\"11\">\n<p class=\" content-text__container \" data-track-category=\"Link no Texto\" data-track-links=\"\" data-mrf-recirculation=\"Article links\">Al\u00e9m dos exames preventivos, n\u00e3o podemos esquecer o estilo de vida, que tem impacto direto na sa\u00fade. A Organiza\u00e7\u00e3o Mundial da Sa\u00fade reconheceu recentemente a obesidade como um dos mais graves problemas de sa\u00fade. Para este ano, a estimativa \u00e9 que 2,3 bilh\u00f5es de pessoas adultas ao redor do mundo fiquem acima do peso e 700 milh\u00f5es com obesidade, com \u00edndice de massa corporal (IMC) acima de 30. No Brasil, n\u00e3o \u00e9 muito diferente. Segundo o&nbsp;<a class=\"\" href=\"https:\/\/oglobo.globo.com\/tudo-sobre\/instituicao-governamental\/ministerio-da-saude\" data-mrf-link=\"https:\/\/oglobo.globo.com\/tudo-sobre\/instituicao-governamental\/ministerio-da-saude\">Minist\u00e9rio da Sa\u00fade<\/a>, a obesidade aumentou 72% nos \u00faltimos 13 anos, saindo de 11,8% em 2006 para 24,3% em 2023.<\/p>\n<\/div>\n<div class=\"mc-column content-text active-extra-styles \" data-block-type=\"unstyled\" data-block-weight=\"67\" data-block-id=\"12\">\n<p class=\" content-text__container \" data-track-category=\"Link no Texto\" data-track-links=\"\" data-mrf-recirculation=\"Article links\">Os agravantes v\u00e3o al\u00e9m da obesidade e incluem doen\u00e7as inflamat\u00f3rias do pr\u00f3prio intestino, como retocolite ulcerativa cr\u00f4nica e doen\u00e7a de Crohn, o aumento no consumo de alimentos ultraprocessados, principalmente embutidos (salsicha, mortadela, lingui\u00e7a, presunto, bacon, salame, entre outras), a ingest\u00e3o excessiva de carne vermelha (acima de 500 gramas de carne cozida por semana), sedentarismo, tabagismo e baixo consumo de fibras. Nesse rol, h\u00e1 ainda o hist\u00f3rico familiar.<\/p>\n<\/div>\n<div class=\"mc-column content-text active-extra-styles \" data-block-type=\"unstyled\" data-block-weight=\"44\" data-block-id=\"13\">\n<p class=\" content-text__container \" data-track-category=\"Link no Texto\" data-track-links=\"\" data-mrf-recirculation=\"Article links\">Se quisermos viver mais e melhor, precisamos mudar o estilo de vida e cuidar da sa\u00fade do intestino. A conscientiza\u00e7\u00e3o precisa ultrapassar as fronteiras da Sobed e da SBCP, num chamado para mais sa\u00fade e mais vida, agora oficialmente a partir dos 45 anos.<\/p>\n<\/div>\n<div class=\"mc-column content-text active-extra-styles \" data-block-type=\"unstyled\" data-block-weight=\"20\" data-block-id=\"14\">\n<p class=\" content-text__container \" data-track-category=\"Link no Texto\" data-track-links=\"\" data-mrf-recirculation=\"Article links\"><em>*Eduarda Tebet e Marcelo Averbach s\u00e3o m\u00e9dicos da Sociedade Brasileira de Endoscopia Digestiva e coordenadores da campanha nacional Mar\u00e7o Azul<\/em><\/p>\n<\/div>\n<\/div>\n","protected":false},"excerpt":{"rendered":"<p>fonte: O Globo por Eduarda Tebet e Marcelo Averbach Num espa\u00e7o de oito d\u00e9cadas, ganhamos mais de 30 anos de vida. Em 1940, um brasileiro vivia em m\u00e9dia 45 anos. No fim do ano passado, a expectativa de vida era de 76,4 anos, segundo o&nbsp;IBGE. Em 2025, talvez o foco n\u00e3o seja mais quanto podemos [&hellip;]<\/p>\n","protected":false},"author":1,"featured_media":17530,"comment_status":"closed","ping_status":"closed","sticky":false,"template":"","format":"standard","meta":{"ngg_post_thumbnail":0,"footnotes":""},"categories":[2],"tags":[],"class_list":["post-17529","post","type-post","status-publish","format-standard","has-post-thumbnail","hentry","category-noticias"],"aioseo_notices":[],"gutentor_comment":0,"_links":{"self":[{"href":"https:\/\/sobedrj.com.br\/novo\/wp-json\/wp\/v2\/posts\/17529","targetHints":{"allow":["GET"]}}],"collection":[{"href":"https:\/\/sobedrj.com.br\/novo\/wp-json\/wp\/v2\/posts"}],"about":[{"href":"https:\/\/sobedrj.com.br\/novo\/wp-json\/wp\/v2\/types\/post"}],"author":[{"embeddable":true,"href":"https:\/\/sobedrj.com.br\/novo\/wp-json\/wp\/v2\/users\/1"}],"replies":[{"embeddable":true,"href":"https:\/\/sobedrj.com.br\/novo\/wp-json\/wp\/v2\/comments?post=17529"}],"version-history":[{"count":1,"href":"https:\/\/sobedrj.com.br\/novo\/wp-json\/wp\/v2\/posts\/17529\/revisions"}],"predecessor-version":[{"id":17532,"href":"https:\/\/sobedrj.com.br\/novo\/wp-json\/wp\/v2\/posts\/17529\/revisions\/17532"}],"wp:featuredmedia":[{"embeddable":true,"href":"https:\/\/sobedrj.com.br\/novo\/wp-json\/wp\/v2\/media\/17530"}],"wp:attachment":[{"href":"https:\/\/sobedrj.com.br\/novo\/wp-json\/wp\/v2\/media?parent=17529"}],"wp:term":[{"taxonomy":"category","embeddable":true,"href":"https:\/\/sobedrj.com.br\/novo\/wp-json\/wp\/v2\/categories?post=17529"},{"taxonomy":"post_tag","embeddable":true,"href":"https:\/\/sobedrj.com.br\/novo\/wp-json\/wp\/v2\/tags?post=17529"}],"curies":[{"name":"wp","href":"https:\/\/api.w.org\/{rel}","templated":true}]}}