{"id":17540,"date":"2025-03-16T09:58:06","date_gmt":"2025-03-16T12:58:06","guid":{"rendered":"https:\/\/sobedrj.com.br\/novo\/?p=17540"},"modified":"2025-03-18T16:24:30","modified_gmt":"2025-03-18T19:24:30","slug":"justica-federal-impoe-multa-a-politico-que-invadir-violentamente-e-desrespeitosamente-ambientes-privativos-da-medicina","status":"publish","type":"post","link":"https:\/\/sobedrj.com.br\/novo\/2025\/03\/16\/justica-federal-impoe-multa-a-politico-que-invadir-violentamente-e-desrespeitosamente-ambientes-privativos-da-medicina\/","title":{"rendered":"Justi\u00e7a Federal imp\u00f5e multa a pol\u00edtico que invadir violentamente e desrespeitosamente ambientes privativos da Medicina"},"content":{"rendered":"<p>fonte: <a href=\"https:\/\/cremesp.org.br\/?siteAcao=NoticiasC&amp;id=6649\" target=\"_blank\" rel=\"noopener\">Cremesp<\/a><\/p>\n<p>A atual gest\u00e3o do Cremesp est\u00e1 em campo e celebrou uma importante liminar judicial proferida pela 4\u00aa Vara Federal de Guarulhos \u2013 decorrente de a\u00e7\u00e3o de obriga\u00e7\u00e3o de fazer ajuizada pela Procuradoria Aut\u00e1rquica Federal \u2013 contra invas\u00f5es violentas de pol\u00edticos a ambientes privativos da Medicina, que violam a honra e a privacidade de m\u00e9dicos e pacientes.<br \/>\n&nbsp;<br \/>\nPela decis\u00e3o, fica imposta multa no valor de R$ 50 mil ao pol\u00edtico que, durante as vistorias, praticar atos que firam os direitos constitucionais inviol\u00e1veis \u00e0 honra e \u00e0 imagem das pessoas e que atentem contra a \u00e9tica profissional e a privacidade dos servi\u00e7os de sa\u00fade.<br \/>\n&nbsp;<br \/>\nDe acordo com a senten\u00e7a, embora os vereadores tenham a atribui\u00e7\u00e3o de exercer a fiscaliza\u00e7\u00e3o e o controle municipal do servi\u00e7o p\u00fablico \u2013 o que inclui eventual visita a \u00f3rg\u00e3os sob sua jurisdi\u00e7\u00e3o \u2013, as prerrogativas parlamentares devem ser exercidas em raz\u00e3o e nos limites do pr\u00f3prio cargo, n\u00e3o sendo admitidos atos com n\u00edtido abuso de poder, como os praticados pelo vereador Kleber Ribeiro Galv\u00e3o de Souza, de Guarulhos, r\u00e9u na a\u00e7\u00e3o interposta pelo Conselho.<br \/>\n&nbsp;<br \/>\nEntre os atos abusivos do pol\u00edtico, est\u00e1 a postagem, em sua p\u00e1gina nas redes sociais, de diversos v\u00eddeos gravados em hospitais p\u00fablicos, nos quais se encontra com colete \u00e0 prova de balas e amparado por terceiros, dirigindo-se \u00e0 equipe m\u00e9dica de forma amea\u00e7adora, prejudicando o atendimento aos pacientes.<br \/>\n&nbsp;<br \/>\nNos autos, ficou evidenciado que as dilig\u00eancias realizadas pelo pol\u00edtico transbordam os limites das prerrogativas parlamentares, cujo objetivo consiste na averigua\u00e7\u00e3o de eventuais irregularidades, com a consequente formaliza\u00e7\u00e3o de den\u00fancia aos \u00f3rg\u00e3os incumbidos de apur\u00e1-las, a exemplo dos Conselhos de Medicina e Minist\u00e9rio P\u00fablico.<br \/>\n&nbsp;<br \/>\nNesse sentido, foi estabelecido que parlamentares est\u00e3o proibidos de ingressar em unidades de sa\u00fade armados e acompanhados de equipe sem autoriza\u00e7\u00e3o, apenas de um assessor. A medida visa preservar a seguran\u00e7a e a integridade dos ambientes m\u00e9dicos, garantindo que a atua\u00e7\u00e3o de parlamentares n\u00e3o cause perturba\u00e7\u00f5es ou riscos aos profissionais e pacientes.<br \/>\n&nbsp;<br \/>\nCom essa liminar judicial, a atual gest\u00e3o do Cremesp, por meio de sua Comiss\u00e3o de Prerrogativas M\u00e9dicas, demonstra que est\u00e1 nas ruas seja na Capital ou Interior, ombreando o m\u00e9dico de S\u00e3o Paulo, com grau de toler\u00e2ncia zero, a atividades predat\u00f3rias de espa\u00e7os m\u00e9dicos com fins pol\u00edticos e sensacionalistas, que venham a prejudicar o bom funcionamento das institui\u00e7\u00f5es de sa\u00fade e ferir a dignidade dos profissionais que nelas atuam.<\/p>\n","protected":false},"excerpt":{"rendered":"<p>fonte: Cremesp A atual gest\u00e3o do Cremesp est\u00e1 em campo e celebrou uma importante liminar judicial proferida pela 4\u00aa Vara Federal de Guarulhos \u2013 decorrente de a\u00e7\u00e3o de obriga\u00e7\u00e3o de fazer ajuizada pela Procuradoria Aut\u00e1rquica Federal \u2013 contra invas\u00f5es violentas de pol\u00edticos a ambientes privativos da Medicina, que violam a honra e a privacidade de [&hellip;]<\/p>\n","protected":false},"author":1,"featured_media":13427,"comment_status":"closed","ping_status":"closed","sticky":false,"template":"","format":"standard","meta":{"ngg_post_thumbnail":0,"footnotes":""},"categories":[2],"tags":[],"class_list":["post-17540","post","type-post","status-publish","format-standard","has-post-thumbnail","hentry","category-noticias"],"aioseo_notices":[],"gutentor_comment":0,"_links":{"self":[{"href":"https:\/\/sobedrj.com.br\/novo\/wp-json\/wp\/v2\/posts\/17540","targetHints":{"allow":["GET"]}}],"collection":[{"href":"https:\/\/sobedrj.com.br\/novo\/wp-json\/wp\/v2\/posts"}],"about":[{"href":"https:\/\/sobedrj.com.br\/novo\/wp-json\/wp\/v2\/types\/post"}],"author":[{"embeddable":true,"href":"https:\/\/sobedrj.com.br\/novo\/wp-json\/wp\/v2\/users\/1"}],"replies":[{"embeddable":true,"href":"https:\/\/sobedrj.com.br\/novo\/wp-json\/wp\/v2\/comments?post=17540"}],"version-history":[{"count":2,"href":"https:\/\/sobedrj.com.br\/novo\/wp-json\/wp\/v2\/posts\/17540\/revisions"}],"predecessor-version":[{"id":17614,"href":"https:\/\/sobedrj.com.br\/novo\/wp-json\/wp\/v2\/posts\/17540\/revisions\/17614"}],"wp:featuredmedia":[{"embeddable":true,"href":"https:\/\/sobedrj.com.br\/novo\/wp-json\/wp\/v2\/media\/13427"}],"wp:attachment":[{"href":"https:\/\/sobedrj.com.br\/novo\/wp-json\/wp\/v2\/media?parent=17540"}],"wp:term":[{"taxonomy":"category","embeddable":true,"href":"https:\/\/sobedrj.com.br\/novo\/wp-json\/wp\/v2\/categories?post=17540"},{"taxonomy":"post_tag","embeddable":true,"href":"https:\/\/sobedrj.com.br\/novo\/wp-json\/wp\/v2\/tags?post=17540"}],"curies":[{"name":"wp","href":"https:\/\/api.w.org\/{rel}","templated":true}]}}