{"id":17623,"date":"2025-03-24T08:24:03","date_gmt":"2025-03-24T11:24:03","guid":{"rendered":"https:\/\/sobedrj.com.br\/novo\/?p=17623"},"modified":"2025-03-24T12:39:13","modified_gmt":"2025-03-24T15:39:13","slug":"rio-de-janeiro-sedia-mais-uma-edicao-do-workshop-terceiro-espaco-da-sobed-veja-como-foi","status":"publish","type":"post","link":"https:\/\/sobedrj.com.br\/novo\/2025\/03\/24\/rio-de-janeiro-sedia-mais-uma-edicao-do-workshop-terceiro-espaco-da-sobed-veja-como-foi\/","title":{"rendered":"Rio de Janeiro sedia mais uma edi\u00e7\u00e3o do Workshop Terceiro Espa\u00e7o da SOBED. Veja como foi!"},"content":{"rendered":"<p>A SOBED Nacional realizou nesta sexta-feira e s\u00e1bado, respectivamente dias 21 e 22 de mar\u00e7o, mais uma edi\u00e7\u00e3o do Workshop Terceiro Espa\u00e7o, no Centro de Treinamento Edson Bueno (Ircad Rio de Janeiro), na Barra da Tijuca.<\/p>\n<p>O evento contou com a presen\u00e7a do presidente da SOBED, Dr. Eduardo Moura, da diretoria da SOBED-RJ, teve transmiss\u00e3o de procedimentos endosc\u00f3picos ao vivo, diretamente do Instituto Nacional de C\u00e2ncer para o audit\u00f3rio do Ircad, e contou com a participa\u00e7\u00e3o presencial do Dr. Naohisa Yahagi sensei, do Jap\u00e3o, que al\u00e9m de ministrar palestras, tamb\u00e9m participou dos procedimentos transmitidos ao vivo e orientou o treinamento nas esta\u00e7\u00f5es do Ircad. O workshop contou ainda com diversos convidados nacionais como os Drs. Vitor Arantes (MG), Nelson Miyajima (SP), Ant\u00f4nio Carlos Conrado (PE), Dalton Chaves (SP), Jo\u00e3o Paulo Pontual (PE) e Fabio Kawaguti (SP), a Dra. Daniela Milhomem (GO), e com a participa\u00e7\u00e3o do Prof. Kiyoshi Hashiba (SP), contribundodo com sua experi\u00eancia para o aprendizado de todos.<\/p>\n<p>A SOBED-RJ aproveita a oportunidade para parabenizar a SOBED, coordena\u00e7\u00e3o e a comiss\u00e3o cient\u00edfica do Workshop, a coordena\u00e7\u00e3o do curso ao vivo e a Dra Maria Aparecida Ferreira, chefe do Servi\u00e7o de Endoscopia do Inca.<\/p>\n<p>Aproveitamos para convidar os associados que ainda n\u00e3o participaram do workshop para colocarem em sua agenda as datas da pr\u00f3xima edi\u00e7\u00e3o: 15 e 16 de agosto novamente no Rio de Janeiro.<\/p>\n<p><strong>CONFIRA AS FOTOS<\/strong><\/p>\n\n\t\t<div id='gallery-1' class='gallery galleryid-17623 gallery-columns-3 gallery-size-thumbnail gallery1'><script type=\"text\/javascript\">\r\n\/\/ <![CDATA[\r\n\tjQuery(document).ready(function () {\r\n\t\tjQuery(\".gallery1 a\").attr(\"rel\",\"gallery1\");\t\r\n\t\tjQuery('a[rel=\"gallery1\"]').colorbox({maxWidth:\"95%\", maxHeight:\"95%\",title: function(){ return jQuery(this).children().attr(\"alt\"); }, });\r\n\t});\r\n\/\/ ]]>\r\n<\/script>\n<figure class=\"gallery-item\">\n<div class=\"gallery-icon\">\r\n<a href=\"https:\/\/sobedrj.com.br\/novo\/wp-content\/uploads\/2025\/03\/workshop_mar_2025-1-768x1024.jpeg\" title=\"\"  rel=\"lightbox[17623] gallery1\"><img loading=\"lazy\" decoding=\"async\" src=\"https:\/\/sobedrj.com.br\/novo\/wp-content\/uploads\/2025\/03\/workshop_mar_2025-1-150x150.jpeg\" width=\"150\" height=\"150\" alt=\"\" \/><\/a>\r\n<\/div><\/figure><figure class=\"gallery-item\">\n<div class=\"gallery-icon\">\r\n<a href=\"https:\/\/sobedrj.com.br\/novo\/wp-content\/uploads\/2025\/03\/workshop_mar_2025-2-1024x768.jpeg\" title=\"\"  rel=\"lightbox[17623] gallery1\"><img loading=\"lazy\" decoding=\"async\" src=\"https:\/\/sobedrj.com.br\/novo\/wp-content\/uploads\/2025\/03\/workshop_mar_2025-2-150x150.jpeg\" width=\"150\" height=\"150\" alt=\"\" \/><\/a>\r\n<\/div><\/figure><figure class=\"gallery-item\">\n<div class=\"gallery-icon\">\r\n<a href=\"https:\/\/sobedrj.com.br\/novo\/wp-content\/uploads\/2025\/03\/workshop_mar_2025-5-1024x768.jpeg\" title=\"\"  rel=\"lightbox[17623] gallery1\"><img loading=\"lazy\" decoding=\"async\" src=\"https:\/\/sobedrj.com.br\/novo\/wp-content\/uploads\/2025\/03\/workshop_mar_2025-5-150x150.jpeg\" width=\"150\" height=\"150\" alt=\"\" \/><\/a>\r\n<\/div><\/figure><figure class=\"gallery-item\">\n<div class=\"gallery-icon\">\r\n<a href=\"https:\/\/sobedrj.com.br\/novo\/wp-content\/uploads\/2025\/03\/workshop_mar_2025-6-576x1024.jpeg\" title=\"\"  rel=\"lightbox[17623] gallery1\"><img loading=\"lazy\" decoding=\"async\" src=\"https:\/\/sobedrj.com.br\/novo\/wp-content\/uploads\/2025\/03\/workshop_mar_2025-6-150x150.jpeg\" width=\"150\" height=\"150\" alt=\"\" \/><\/a>\r\n<\/div><\/figure><figure class=\"gallery-item\">\n<div class=\"gallery-icon\">\r\n<a href=\"https:\/\/sobedrj.com.br\/novo\/wp-content\/uploads\/2025\/03\/workshop_mar_2025-8-768x1024.jpeg\" title=\"\"  rel=\"lightbox[17623] gallery1\"><img loading=\"lazy\" decoding=\"async\" src=\"https:\/\/sobedrj.com.br\/novo\/wp-content\/uploads\/2025\/03\/workshop_mar_2025-8-150x150.jpeg\" width=\"150\" height=\"150\" alt=\"\" \/><\/a>\r\n<\/div><\/figure><figure class=\"gallery-item\">\n<div class=\"gallery-icon\">\r\n<a href=\"https:\/\/sobedrj.com.br\/novo\/wp-content\/uploads\/2025\/03\/workshop_mar_2025-11-1024x768.jpeg\" title=\"\"  rel=\"lightbox[17623] gallery1\"><img loading=\"lazy\" decoding=\"async\" src=\"https:\/\/sobedrj.com.br\/novo\/wp-content\/uploads\/2025\/03\/workshop_mar_2025-11-150x150.jpeg\" width=\"150\" height=\"150\" alt=\"\" \/><\/a>\r\n<\/div><\/figure><figure class=\"gallery-item\">\n<div class=\"gallery-icon\">\r\n<a href=\"https:\/\/sobedrj.com.br\/novo\/wp-content\/uploads\/2025\/03\/workshop_mar_2025-7-768x1024.jpeg\" title=\"\"  rel=\"lightbox[17623] gallery1\"><img loading=\"lazy\" decoding=\"async\" src=\"https:\/\/sobedrj.com.br\/novo\/wp-content\/uploads\/2025\/03\/workshop_mar_2025-7-150x150.jpeg\" width=\"150\" height=\"150\" alt=\"\" \/><\/a>\r\n<\/div><\/figure><figure class=\"gallery-item\">\n<div class=\"gallery-icon\">\r\n<a href=\"https:\/\/sobedrj.com.br\/novo\/wp-content\/uploads\/2025\/03\/workshop_mar_2025-12-768x1024.jpeg\" title=\"\"  rel=\"lightbox[17623] gallery1\"><img loading=\"lazy\" decoding=\"async\" src=\"https:\/\/sobedrj.com.br\/novo\/wp-content\/uploads\/2025\/03\/workshop_mar_2025-12-150x150.jpeg\" width=\"150\" height=\"150\" alt=\"\" \/><\/a>\r\n<\/div><\/figure><figure class=\"gallery-item\">\n<div class=\"gallery-icon\">\r\n<a href=\"https:\/\/sobedrj.com.br\/novo\/wp-content\/uploads\/2025\/03\/workshop_mar_2025-10-1024x768.jpeg\" title=\"\"  rel=\"lightbox[17623] gallery1\"><img loading=\"lazy\" decoding=\"async\" src=\"https:\/\/sobedrj.com.br\/novo\/wp-content\/uploads\/2025\/03\/workshop_mar_2025-10-150x150.jpeg\" width=\"150\" height=\"150\" alt=\"\" \/><\/a>\r\n<\/div><\/figure><figure class=\"gallery-item\">\n<div class=\"gallery-icon\">\r\n<a href=\"https:\/\/sobedrj.com.br\/novo\/wp-content\/uploads\/2025\/03\/WhatsApp-Image-2025-03-24-at-10.50.27-566x1024.jpeg\" title=\"\"  rel=\"lightbox[17623] gallery1\"><img loading=\"lazy\" decoding=\"async\" src=\"https:\/\/sobedrj.com.br\/novo\/wp-content\/uploads\/2025\/03\/WhatsApp-Image-2025-03-24-at-10.50.27-150x150.jpeg\" width=\"150\" height=\"150\" alt=\"\" \/><\/a>\r\n<\/div><\/figure><figure class=\"gallery-item\">\n<div class=\"gallery-icon\">\r\n<a href=\"https:\/\/sobedrj.com.br\/novo\/wp-content\/uploads\/2025\/03\/workshop_mar_2025-15-768x1024.jpeg\" title=\"\"  rel=\"lightbox[17623] gallery1\"><img loading=\"lazy\" decoding=\"async\" src=\"https:\/\/sobedrj.com.br\/novo\/wp-content\/uploads\/2025\/03\/workshop_mar_2025-15-150x150.jpeg\" width=\"150\" height=\"150\" alt=\"\" \/><\/a>\r\n<\/div><\/figure><figure class=\"gallery-item\">\n<div class=\"gallery-icon\">\r\n<a href=\"https:\/\/sobedrj.com.br\/novo\/wp-content\/uploads\/2025\/03\/WhatsApp-Image-2025-03-24-at-11.18.15-1024x768.jpeg\" title=\"\"  rel=\"lightbox[17623] gallery1\"><img loading=\"lazy\" decoding=\"async\" src=\"https:\/\/sobedrj.com.br\/novo\/wp-content\/uploads\/2025\/03\/WhatsApp-Image-2025-03-24-at-11.18.15-150x150.jpeg\" width=\"150\" height=\"150\" alt=\"\" \/><\/a>\r\n<\/div><\/figure>\r\n\t\t<\/div>\n\n<p>&nbsp;<\/p>\n","protected":false},"excerpt":{"rendered":"<p>A SOBED Nacional realizou nesta sexta-feira e s\u00e1bado, respectivamente dias 21 e 22 de mar\u00e7o, mais uma edi\u00e7\u00e3o do Workshop Terceiro Espa\u00e7o, no Centro de Treinamento Edson Bueno (Ircad Rio de Janeiro), na Barra da Tijuca. O evento contou com a presen\u00e7a do presidente da SOBED, Dr. Eduardo Moura, da diretoria da SOBED-RJ, teve transmiss\u00e3o [&hellip;]<\/p>\n","protected":false},"author":1,"featured_media":17650,"comment_status":"closed","ping_status":"closed","sticky":false,"template":"","format":"standard","meta":{"ngg_post_thumbnail":0,"footnotes":""},"categories":[2],"tags":[],"class_list":["post-17623","post","type-post","status-publish","format-standard","has-post-thumbnail","hentry","category-noticias"],"aioseo_notices":[],"gutentor_comment":0,"_links":{"self":[{"href":"https:\/\/sobedrj.com.br\/novo\/wp-json\/wp\/v2\/posts\/17623","targetHints":{"allow":["GET"]}}],"collection":[{"href":"https:\/\/sobedrj.com.br\/novo\/wp-json\/wp\/v2\/posts"}],"about":[{"href":"https:\/\/sobedrj.com.br\/novo\/wp-json\/wp\/v2\/types\/post"}],"author":[{"embeddable":true,"href":"https:\/\/sobedrj.com.br\/novo\/wp-json\/wp\/v2\/users\/1"}],"replies":[{"embeddable":true,"href":"https:\/\/sobedrj.com.br\/novo\/wp-json\/wp\/v2\/comments?post=17623"}],"version-history":[{"count":12,"href":"https:\/\/sobedrj.com.br\/novo\/wp-json\/wp\/v2\/posts\/17623\/revisions"}],"predecessor-version":[{"id":17666,"href":"https:\/\/sobedrj.com.br\/novo\/wp-json\/wp\/v2\/posts\/17623\/revisions\/17666"}],"wp:featuredmedia":[{"embeddable":true,"href":"https:\/\/sobedrj.com.br\/novo\/wp-json\/wp\/v2\/media\/17650"}],"wp:attachment":[{"href":"https:\/\/sobedrj.com.br\/novo\/wp-json\/wp\/v2\/media?parent=17623"}],"wp:term":[{"taxonomy":"category","embeddable":true,"href":"https:\/\/sobedrj.com.br\/novo\/wp-json\/wp\/v2\/categories?post=17623"},{"taxonomy":"post_tag","embeddable":true,"href":"https:\/\/sobedrj.com.br\/novo\/wp-json\/wp\/v2\/tags?post=17623"}],"curies":[{"name":"wp","href":"https:\/\/api.w.org\/{rel}","templated":true}]}}