{"id":17667,"date":"2025-03-26T16:17:50","date_gmt":"2025-03-26T19:17:50","guid":{"rendered":"https:\/\/sobedrj.com.br\/novo\/?p=17667"},"modified":"2025-03-26T16:17:50","modified_gmt":"2025-03-26T19:17:50","slug":"caminhada-em-prol-do-marco-azul-neste-domingo-saiba-mais","status":"publish","type":"post","link":"https:\/\/sobedrj.com.br\/novo\/2025\/03\/26\/caminhada-em-prol-do-marco-azul-neste-domingo-saiba-mais\/","title":{"rendered":"Caminhada em prol do Mar\u00e7o Azul neste domingo. Saiba mais!"},"content":{"rendered":"<p>A SOBED-RJ e a Sociedade Brasileira de Coloproctologia realizar\u00e3o uma caminhada em prol da campanha Mar\u00e7o Azul neste domingo, dia 30, na praia de Copacabana. A concentra\u00e7\u00e3o ser\u00e1 a partir das 9h30 em frente ao hotel Fairmont, no posto 6.<\/p>\n<p>Contamos com a participa\u00e7\u00e3o de nossos associados. Vista a camisa azul e venha apoiar a campanha!<\/p>\n","protected":false},"excerpt":{"rendered":"<p>A SOBED-RJ e a Sociedade Brasileira de Coloproctologia realizar\u00e3o uma caminhada em prol da campanha Mar\u00e7o Azul neste domingo, dia 30, na praia de Copacabana. A concentra\u00e7\u00e3o ser\u00e1 a partir das 9h30 em frente ao hotel Fairmont, no posto 6. Contamos com a participa\u00e7\u00e3o de nossos associados. Vista a camisa azul e venha apoiar a [&hellip;]<\/p>\n","protected":false},"author":1,"featured_media":17668,"comment_status":"closed","ping_status":"closed","sticky":false,"template":"","format":"standard","meta":{"ngg_post_thumbnail":0,"footnotes":""},"categories":[2],"tags":[],"class_list":["post-17667","post","type-post","status-publish","format-standard","has-post-thumbnail","hentry","category-noticias"],"aioseo_notices":[],"gutentor_comment":0,"_links":{"self":[{"href":"https:\/\/sobedrj.com.br\/novo\/wp-json\/wp\/v2\/posts\/17667","targetHints":{"allow":["GET"]}}],"collection":[{"href":"https:\/\/sobedrj.com.br\/novo\/wp-json\/wp\/v2\/posts"}],"about":[{"href":"https:\/\/sobedrj.com.br\/novo\/wp-json\/wp\/v2\/types\/post"}],"author":[{"embeddable":true,"href":"https:\/\/sobedrj.com.br\/novo\/wp-json\/wp\/v2\/users\/1"}],"replies":[{"embeddable":true,"href":"https:\/\/sobedrj.com.br\/novo\/wp-json\/wp\/v2\/comments?post=17667"}],"version-history":[{"count":1,"href":"https:\/\/sobedrj.com.br\/novo\/wp-json\/wp\/v2\/posts\/17667\/revisions"}],"predecessor-version":[{"id":17669,"href":"https:\/\/sobedrj.com.br\/novo\/wp-json\/wp\/v2\/posts\/17667\/revisions\/17669"}],"wp:featuredmedia":[{"embeddable":true,"href":"https:\/\/sobedrj.com.br\/novo\/wp-json\/wp\/v2\/media\/17668"}],"wp:attachment":[{"href":"https:\/\/sobedrj.com.br\/novo\/wp-json\/wp\/v2\/media?parent=17667"}],"wp:term":[{"taxonomy":"category","embeddable":true,"href":"https:\/\/sobedrj.com.br\/novo\/wp-json\/wp\/v2\/categories?post=17667"},{"taxonomy":"post_tag","embeddable":true,"href":"https:\/\/sobedrj.com.br\/novo\/wp-json\/wp\/v2\/tags?post=17667"}],"curies":[{"name":"wp","href":"https:\/\/api.w.org\/{rel}","templated":true}]}}