{"id":17674,"date":"2025-03-31T12:38:14","date_gmt":"2025-03-31T15:38:14","guid":{"rendered":"https:\/\/sobedrj.com.br\/novo\/?p=17674"},"modified":"2025-03-31T18:37:59","modified_gmt":"2025-03-31T21:37:59","slug":"sobed-rj-participa-de-simposio-multidisciplinar-de-doencas-do-esofago","status":"publish","type":"post","link":"https:\/\/sobedrj.com.br\/novo\/2025\/03\/31\/sobed-rj-participa-de-simposio-multidisciplinar-de-doencas-do-esofago\/","title":{"rendered":"SOBED-RJ participa de Simp\u00f3sio Multidisciplinar de Doen\u00e7as do Es\u00f4fago"},"content":{"rendered":"<p>Cerca de 70 pessoas participaram neste s\u00e1bado do Simp\u00f3sio Multidisciplinar de Doen\u00e7as do Es\u00f4fago, realizado no Col\u00e9gio Brasileiro de Cirurgi\u00f5es, no Humait\u00e1.<\/p>\n<p>O evento foi organizado pelo CBC e contou com apoio da SOBED-RJ, da AGRJ e da SBMDN.<\/p>\n<p>Ao longo de todo dia foram abordados temas relacionados a doen\u00e7as do es\u00f4fago integrando aspectos da Endoscopia Digestiva, da Gastroenterologia, da Cirurgia e da Motilidade Digestiva.<\/p>\n<p style=\"text-align: left;\"><a href=\"https:\/\/photos.app.goo.gl\/8J8VYE4XeKGU2wdf7\" target=\"_blank\" rel=\"noopener\">CONFIRA O \u00c1LBUM DE FOTOS<\/a><\/p>\n<p>Diversos associados da SOBED-RJ estiveram presentes ao evento que foi muito elogiado pelos participantes.<\/p>\n<p>&#8220;Esse tipo de evento \u00e9 muito importante para integra\u00e7\u00e3o entre as sociedades e os temas foram muito bem abordados por todas as especialidades envolvidas&#8221;, declarou a Dra. Mariceli Costa, presidente da SOBED-RJ.<\/p>\n\n\t\t<div id='gallery-1' class='gallery galleryid-17674 gallery-columns-3 gallery-size-thumbnail gallery1'><script type=\"text\/javascript\">\r\n\/\/ <![CDATA[\r\n\tjQuery(document).ready(function () {\r\n\t\tjQuery(\".gallery1 a\").attr(\"rel\",\"gallery1\");\t\r\n\t\tjQuery('a[rel=\"gallery1\"]').colorbox({maxWidth:\"95%\", maxHeight:\"95%\",title: function(){ return jQuery(this).children().attr(\"alt\"); }, });\r\n\t});\r\n\/\/ ]]>\r\n<\/script>\n<figure class=\"gallery-item\">\n<div class=\"gallery-icon\">\r\n<a href=\"https:\/\/sobedrj.com.br\/novo\/wp-content\/uploads\/2025\/03\/esofago_mar_2025-73-1024x683.jpg\" title=\"\"  rel=\"lightbox[17674] gallery1\"><img loading=\"lazy\" decoding=\"async\" src=\"https:\/\/sobedrj.com.br\/novo\/wp-content\/uploads\/2025\/03\/esofago_mar_2025-73-150x150.jpg\" width=\"150\" height=\"150\" alt=\"\" \/><\/a>\r\n<\/div><\/figure><figure class=\"gallery-item\">\n<div class=\"gallery-icon\">\r\n<a href=\"https:\/\/sobedrj.com.br\/novo\/wp-content\/uploads\/2025\/03\/WhatsApp-Image-2025-03-31-at-18.25.22-1024x682.jpeg\" title=\"\"  rel=\"lightbox[17674] gallery1\"><img loading=\"lazy\" decoding=\"async\" src=\"https:\/\/sobedrj.com.br\/novo\/wp-content\/uploads\/2025\/03\/WhatsApp-Image-2025-03-31-at-18.25.22-150x150.jpeg\" width=\"150\" height=\"150\" alt=\"\" \/><\/a>\r\n<\/div><\/figure><figure class=\"gallery-item\">\n<div class=\"gallery-icon\">\r\n<a href=\"https:\/\/sobedrj.com.br\/novo\/wp-content\/uploads\/2025\/03\/WhatsApp-Image-2025-03-31-at-18.21.50-1024x682.jpeg\" title=\"\"  rel=\"lightbox[17674] gallery1\"><img loading=\"lazy\" decoding=\"async\" src=\"https:\/\/sobedrj.com.br\/novo\/wp-content\/uploads\/2025\/03\/WhatsApp-Image-2025-03-31-at-18.21.50-150x150.jpeg\" width=\"150\" height=\"150\" alt=\"\" \/><\/a>\r\n<\/div><\/figure><figure class=\"gallery-item\">\n<div class=\"gallery-icon\">\r\n<a href=\"https:\/\/sobedrj.com.br\/novo\/wp-content\/uploads\/2025\/03\/WhatsApp-Image-2025-03-31-at-18.21.02-1024x682.jpeg\" title=\"\"  rel=\"lightbox[17674] gallery1\"><img loading=\"lazy\" decoding=\"async\" src=\"https:\/\/sobedrj.com.br\/novo\/wp-content\/uploads\/2025\/03\/WhatsApp-Image-2025-03-31-at-18.21.02-150x150.jpeg\" width=\"150\" height=\"150\" alt=\"\" \/><\/a>\r\n<\/div><\/figure><figure class=\"gallery-item\">\n<div class=\"gallery-icon\">\r\n<a href=\"https:\/\/sobedrj.com.br\/novo\/wp-content\/uploads\/2025\/03\/WhatsApp-Image-2025-03-31-at-18.20.18-1024x682.jpeg\" title=\"\"  rel=\"lightbox[17674] gallery1\"><img loading=\"lazy\" decoding=\"async\" src=\"https:\/\/sobedrj.com.br\/novo\/wp-content\/uploads\/2025\/03\/WhatsApp-Image-2025-03-31-at-18.20.18-150x150.jpeg\" width=\"150\" height=\"150\" alt=\"\" \/><\/a>\r\n<\/div><\/figure>\r\n\t\t<\/div>\n\n","protected":false},"excerpt":{"rendered":"<p>Cerca de 70 pessoas participaram neste s\u00e1bado do Simp\u00f3sio Multidisciplinar de Doen\u00e7as do Es\u00f4fago, realizado no Col\u00e9gio Brasileiro de Cirurgi\u00f5es, no Humait\u00e1. O evento foi organizado pelo CBC e contou com apoio da SOBED-RJ, da AGRJ e da SBMDN. Ao longo de todo dia foram abordados temas relacionados a doen\u00e7as do es\u00f4fago integrando aspectos da [&hellip;]<\/p>\n","protected":false},"author":1,"featured_media":17693,"comment_status":"closed","ping_status":"closed","sticky":false,"template":"","format":"standard","meta":{"ngg_post_thumbnail":0,"footnotes":""},"categories":[2],"tags":[],"class_list":["post-17674","post","type-post","status-publish","format-standard","has-post-thumbnail","hentry","category-noticias"],"aioseo_notices":[],"gutentor_comment":0,"_links":{"self":[{"href":"https:\/\/sobedrj.com.br\/novo\/wp-json\/wp\/v2\/posts\/17674","targetHints":{"allow":["GET"]}}],"collection":[{"href":"https:\/\/sobedrj.com.br\/novo\/wp-json\/wp\/v2\/posts"}],"about":[{"href":"https:\/\/sobedrj.com.br\/novo\/wp-json\/wp\/v2\/types\/post"}],"author":[{"embeddable":true,"href":"https:\/\/sobedrj.com.br\/novo\/wp-json\/wp\/v2\/users\/1"}],"replies":[{"embeddable":true,"href":"https:\/\/sobedrj.com.br\/novo\/wp-json\/wp\/v2\/comments?post=17674"}],"version-history":[{"count":2,"href":"https:\/\/sobedrj.com.br\/novo\/wp-json\/wp\/v2\/posts\/17674\/revisions"}],"predecessor-version":[{"id":17698,"href":"https:\/\/sobedrj.com.br\/novo\/wp-json\/wp\/v2\/posts\/17674\/revisions\/17698"}],"wp:featuredmedia":[{"embeddable":true,"href":"https:\/\/sobedrj.com.br\/novo\/wp-json\/wp\/v2\/media\/17693"}],"wp:attachment":[{"href":"https:\/\/sobedrj.com.br\/novo\/wp-json\/wp\/v2\/media?parent=17674"}],"wp:term":[{"taxonomy":"category","embeddable":true,"href":"https:\/\/sobedrj.com.br\/novo\/wp-json\/wp\/v2\/categories?post=17674"},{"taxonomy":"post_tag","embeddable":true,"href":"https:\/\/sobedrj.com.br\/novo\/wp-json\/wp\/v2\/tags?post=17674"}],"curies":[{"name":"wp","href":"https:\/\/api.w.org\/{rel}","templated":true}]}}