{"id":17706,"date":"2025-04-01T06:46:19","date_gmt":"2025-04-01T09:46:19","guid":{"rendered":"https:\/\/sobedrj.com.br\/novo\/?p=17706"},"modified":"2025-04-01T06:46:19","modified_gmt":"2025-04-01T09:46:19","slug":"saiba-como-foi-a-reuniao-cientifica-de-marco-da-sobed-rj-2","status":"publish","type":"post","link":"https:\/\/sobedrj.com.br\/novo\/2025\/04\/01\/saiba-como-foi-a-reuniao-cientifica-de-marco-da-sobed-rj-2\/","title":{"rendered":"Saiba como foi a reuni\u00e3o cient\u00edfica de mar\u00e7o da SOBED-RJ"},"content":{"rendered":"<p>Cerca de 50 pessoas participaram na noite desta segunda-feira, dia 31, da reuni\u00e3o cient\u00edfica online da SOBED-RJ que abordou <em>C\u00e2ncer de C\u00f3lon e Reto: aspectos epidemiol\u00f3gicos, endosc\u00f3picos e cir\u00fargicos<\/em>.<\/p>\n<p>O evento foi transmitido simultaneamente pelo Zoom e pelo nosso canal no YouTube e teve in\u00edcio com a presidente da sociedade, Mariceli Costa, dando \u00e0s boas-vindas a todos e agradecendo a participa\u00e7\u00e3o dos convidados da noite. Na sequ\u00eancia, ela passou a palavra a Eduardo Viegas, coordenador da Comiss\u00e3o Cient\u00edfica, que apresentou os palestrantes.<\/p>\n<p>A primeira palestra foi de Renata Maciel que falou sobre <em>Programa de Controle de C\u00e2ncer de c\u00f3lon e reto no Brasil<\/em>, Na sequ\u00eancia houve apresenta\u00e7\u00f5es sobre <em>Diagn\u00f3stico endosc\u00f3pico do c\u00e2ncer colorretal precoce<\/em>, com Maria Aparecida Ferreira,<em>Tratamento endosc\u00f3pico do c\u00e2ncer colorretal<\/em>, com Evelyn Chinem, e Q<em>uando indicar o tratamento cir\u00fargico?<\/em>, com Lucia C\u00e2mara de Oliveira.<\/p>\n<p>Ap\u00f3s as palestras os moderadores, Mariceli Costa e Eduardo Viegas, apresentaram as perguntas da plateia e fizeram tamb\u00e9m alguns questionamentos, promovendo um amplo debate sobre o tema.<\/p>\n<p>N\u00e3o viu ou quer rever a reuni\u00e3o cient\u00edfica?<\/p>\n<p>N\u00e3o se preocupe!<\/p>\n<p>Voc\u00ea pode assistir a qualquer momento em nossos <a href=\"https:\/\/sobedrj.com.br\/novo\/2025\/04\/01\/reuniao-cientifica-de-marco-de-2025-cancer-de-colon-e-reto-aspectos-epidemiologicos-endoscopicos-e-cirurgicos\/\">site<\/a> e <a href=\"https:\/\/youtube.com\/live\/YbKlLdd6UwY\" target=\"_blank\" rel=\"noopener\">canal do YouTube<\/a>.<\/p>\n","protected":false},"excerpt":{"rendered":"<p>Cerca de 50 pessoas participaram na noite desta segunda-feira, dia 31, da reuni\u00e3o cient\u00edfica online da SOBED-RJ que abordou C\u00e2ncer de C\u00f3lon e Reto: aspectos epidemiol\u00f3gicos, endosc\u00f3picos e cir\u00fargicos. O evento foi transmitido simultaneamente pelo Zoom e pelo nosso canal no YouTube e teve in\u00edcio com a presidente da sociedade, Mariceli Costa, dando \u00e0s boas-vindas [&hellip;]<\/p>\n","protected":false},"author":1,"featured_media":17710,"comment_status":"closed","ping_status":"closed","sticky":false,"template":"","format":"standard","meta":{"ngg_post_thumbnail":0,"footnotes":""},"categories":[2],"tags":[],"class_list":["post-17706","post","type-post","status-publish","format-standard","has-post-thumbnail","hentry","category-noticias"],"aioseo_notices":[],"gutentor_comment":0,"_links":{"self":[{"href":"https:\/\/sobedrj.com.br\/novo\/wp-json\/wp\/v2\/posts\/17706","targetHints":{"allow":["GET"]}}],"collection":[{"href":"https:\/\/sobedrj.com.br\/novo\/wp-json\/wp\/v2\/posts"}],"about":[{"href":"https:\/\/sobedrj.com.br\/novo\/wp-json\/wp\/v2\/types\/post"}],"author":[{"embeddable":true,"href":"https:\/\/sobedrj.com.br\/novo\/wp-json\/wp\/v2\/users\/1"}],"replies":[{"embeddable":true,"href":"https:\/\/sobedrj.com.br\/novo\/wp-json\/wp\/v2\/comments?post=17706"}],"version-history":[{"count":1,"href":"https:\/\/sobedrj.com.br\/novo\/wp-json\/wp\/v2\/posts\/17706\/revisions"}],"predecessor-version":[{"id":17711,"href":"https:\/\/sobedrj.com.br\/novo\/wp-json\/wp\/v2\/posts\/17706\/revisions\/17711"}],"wp:featuredmedia":[{"embeddable":true,"href":"https:\/\/sobedrj.com.br\/novo\/wp-json\/wp\/v2\/media\/17710"}],"wp:attachment":[{"href":"https:\/\/sobedrj.com.br\/novo\/wp-json\/wp\/v2\/media?parent=17706"}],"wp:term":[{"taxonomy":"category","embeddable":true,"href":"https:\/\/sobedrj.com.br\/novo\/wp-json\/wp\/v2\/categories?post=17706"},{"taxonomy":"post_tag","embeddable":true,"href":"https:\/\/sobedrj.com.br\/novo\/wp-json\/wp\/v2\/tags?post=17706"}],"curies":[{"name":"wp","href":"https:\/\/api.w.org\/{rel}","templated":true}]}}