{"id":17732,"date":"2025-08-02T06:56:55","date_gmt":"2025-08-02T09:56:55","guid":{"rendered":"https:\/\/sobedrj.com.br\/novo\/?p=17732"},"modified":"2025-08-04T10:17:41","modified_gmt":"2025-08-04T13:17:41","slug":"amb-cria-projeto-anticalote-para-auxiliar-classe-medica-em-casos-de-calote-e-atrasos-de-pagamentos-por-servicos-prestados","status":"publish","type":"post","link":"https:\/\/sobedrj.com.br\/novo\/2025\/08\/02\/amb-cria-projeto-anticalote-para-auxiliar-classe-medica-em-casos-de-calote-e-atrasos-de-pagamentos-por-servicos-prestados\/","title":{"rendered":"AMB cria Projeto Anticalote para auxiliar classe m\u00e9dica em casos de calote e atrasos de pagamentos por servi\u00e7os prestados"},"content":{"rendered":"<p>fonte: AMB<\/p>\n<p>A Associa\u00e7\u00e3o M\u00e9dica Brasileira (AMB), em parceria com a sua Comiss\u00e3o Nacional de M\u00e9dico Jovem (CNMJ) e a Associa\u00e7\u00e3o Paulista de Medicina (APM), desenvolveu a&nbsp;<strong>Projeto Anticalote<\/strong>&nbsp;com o objetivo de melhorar o enfrentamento aos diversos casos de calotes que t\u00eam ocorrido em diferentes localidades do Brasil.&nbsp;<\/p>\n<p><em>\u201cUm dos graves problemas enfrentados pela classe m\u00e9dica \u00e9 a quest\u00e3o da remunera\u00e7\u00e3o. Infelizmente o atraso nos pagamentos j\u00e1 \u00e9 comum, mas muitas vezes isso vai al\u00e9m do atraso. O m\u00e9dico simplesmente n\u00e3o recebe pelos servi\u00e7os e&nbsp; plant\u00f5es, o que \u00e9 muito mais complicado\u201d,&nbsp;<\/em>explica o diretor da AMB, Dr. Fernando Tallo<em>.&nbsp;&nbsp;<\/em><\/p>\n<p>Segundo o presidente da AMB, Dr. C\u00e9sar Eduardo Fernandes, a ideia \u00e9 dimensionar esse grave problema, propor estrat\u00e9gias \u00e0s v\u00edtimas e tomar provid\u00eancias nos casos coletivos.&nbsp;<em>\u201cNosso departamento jur\u00eddico vai avaliar caso a caso, oferecer orienta\u00e7\u00f5es, e em alguns casos acionar o Minist\u00e9rio P\u00fablico ou mesmo propor a\u00e7\u00f5es coletivas<\/em>\u201d, explica o Dr. C\u00e9sar.<\/p>\n<p>A AMB e a APM v\u00eam acompanhando casos de calote e de atrasos no pagamento de plant\u00f5es em diferentes regi\u00f5es do Brasil, situa\u00e7\u00f5es que t\u00eam gerado preocupa\u00e7\u00e3o entre a classe m\u00e9dica. Para o Dr. Tallo, as den\u00fancias oficiais ainda s\u00e3o poucas e muitos devedores t\u00eam sa\u00eddo impunes, transferindo o preju\u00edzo para os profissionais<em>. \u201cEstimamos que os valores cheguem a dezenas de milhares de reais\u201d<\/em>, avalia ele.&nbsp;&nbsp;<\/p>\n<p><strong>Como participar<\/strong><\/p>\n<p>Para participar da campanha, basta que o m\u00e9dico ou m\u00e9dica responda a um formul\u00e1rio. O intuito da coleta de dados \u00e9 o mapeamento dos problemas relacionados \u00e0 falta ou ao atraso de pagamento enfrentados pelos m\u00e9dicos em todo o pa\u00eds. As a\u00e7\u00f5es que ser\u00e3o definidas pelas entidades m\u00e9dicas poder\u00e3o ser diferentes e depender\u00e3o da identifica\u00e7\u00e3o do impacto coletivo ou individual dos problemas.&nbsp;<\/p>\n<p>O foco dessa a\u00e7\u00e3o ser\u00e3o os problemas coletivos e\/ou de maior escala, o que n\u00e3o significa que den\u00fancias individuais ser\u00e3o ignoradas \u2013 elas s\u00e3o essenciais para a compreens\u00e3o do real cen\u00e1rio dos calotes.&nbsp;<\/p>\n<p>Se o profissional, em algum momento no exerc\u00edcio de seu trabalho, foi v\u00edtima de algum golpe, \u00e9 s\u00f3 preencher a ficha para que a AMB, APM e CNMJ possam ajudar nesse processo.&nbsp;<\/p>\n<p><a href=\"https:\/\/lp.rlkpro.com\/l\/DoGp79ABF1184\"><strong>Clique aqui<\/strong><\/a><strong>&nbsp;e preencha o formul\u00e1rio para participar e relatar sua hist\u00f3ria.&nbsp;&nbsp;<\/strong><\/p>\n<p><strong>Informa\u00e7\u00f5es Importantes<\/strong><\/p>\n<p>Os dados pessoais dos m\u00e9dicos ser\u00e3o tratados com sigilo e confidencialidade, sem qualquer divulga\u00e7\u00e3o. Ser\u00e3o mantidos apenas em arquivo para proteger as entidades desenvolvedoras da pesquisa de eventual questionamento acerca da veracidade dos dados. A&nbsp;<strong>Lei Geral de Prote\u00e7\u00e3o de Dados<\/strong>&nbsp;ser\u00e1 respeitada em sua total integridade.&nbsp;<\/p>\n<p>Todas as informa\u00e7\u00f5es enviadas ser\u00e3o analisadas. Em caso de judicializa\u00e7\u00e3o, as entidades m\u00e9dicas poder\u00e3o apenas representar os m\u00e9dicos que forem associados \u00e0 AMB ou a alguma de suas federadas.<\/p>\n<p><strong>Associa\u00e7\u00e3o M\u00e9dica Brasileira<\/strong><\/p>\n","protected":false},"excerpt":{"rendered":"<p>fonte: AMB A Associa\u00e7\u00e3o M\u00e9dica Brasileira (AMB), em parceria com a sua Comiss\u00e3o Nacional de M\u00e9dico Jovem (CNMJ) e a Associa\u00e7\u00e3o Paulista de Medicina (APM), desenvolveu a&nbsp;Projeto Anticalote&nbsp;com o objetivo de melhorar o enfrentamento aos diversos casos de calotes que t\u00eam ocorrido em diferentes localidades do Brasil.&nbsp; \u201cUm dos graves problemas enfrentados pela classe m\u00e9dica [&hellip;]<\/p>\n","protected":false},"author":1,"featured_media":17733,"comment_status":"closed","ping_status":"closed","sticky":false,"template":"","format":"standard","meta":{"ngg_post_thumbnail":0,"footnotes":""},"categories":[2],"tags":[],"class_list":["post-17732","post","type-post","status-publish","format-standard","has-post-thumbnail","hentry","category-noticias"],"aioseo_notices":[],"gutentor_comment":0,"_links":{"self":[{"href":"https:\/\/sobedrj.com.br\/novo\/wp-json\/wp\/v2\/posts\/17732","targetHints":{"allow":["GET"]}}],"collection":[{"href":"https:\/\/sobedrj.com.br\/novo\/wp-json\/wp\/v2\/posts"}],"about":[{"href":"https:\/\/sobedrj.com.br\/novo\/wp-json\/wp\/v2\/types\/post"}],"author":[{"embeddable":true,"href":"https:\/\/sobedrj.com.br\/novo\/wp-json\/wp\/v2\/users\/1"}],"replies":[{"embeddable":true,"href":"https:\/\/sobedrj.com.br\/novo\/wp-json\/wp\/v2\/comments?post=17732"}],"version-history":[{"count":1,"href":"https:\/\/sobedrj.com.br\/novo\/wp-json\/wp\/v2\/posts\/17732\/revisions"}],"predecessor-version":[{"id":17734,"href":"https:\/\/sobedrj.com.br\/novo\/wp-json\/wp\/v2\/posts\/17732\/revisions\/17734"}],"wp:featuredmedia":[{"embeddable":true,"href":"https:\/\/sobedrj.com.br\/novo\/wp-json\/wp\/v2\/media\/17733"}],"wp:attachment":[{"href":"https:\/\/sobedrj.com.br\/novo\/wp-json\/wp\/v2\/media?parent=17732"}],"wp:term":[{"taxonomy":"category","embeddable":true,"href":"https:\/\/sobedrj.com.br\/novo\/wp-json\/wp\/v2\/categories?post=17732"},{"taxonomy":"post_tag","embeddable":true,"href":"https:\/\/sobedrj.com.br\/novo\/wp-json\/wp\/v2\/tags?post=17732"}],"curies":[{"name":"wp","href":"https:\/\/api.w.org\/{rel}","templated":true}]}}