{"id":17740,"date":"2025-04-08T07:19:55","date_gmt":"2025-04-08T10:19:55","guid":{"rendered":"https:\/\/sobedrj.com.br\/novo\/?p=17740"},"modified":"2025-04-08T08:11:58","modified_gmt":"2025-04-08T11:11:58","slug":"nova-resolucao-do-cremerj-normatiza-descanso-medico-confira","status":"publish","type":"post","link":"https:\/\/sobedrj.com.br\/novo\/2025\/04\/08\/nova-resolucao-do-cremerj-normatiza-descanso-medico-confira\/","title":{"rendered":"Nova Resolu\u00e7\u00e3o do Cremerj normatiza descanso m\u00e9dico. Confira!"},"content":{"rendered":"<p>fonte: Cremerj<\/p>\n<p>O CREMERJ publicou a Resolu\u00e7\u00e3o n\u00ba 362\/2025, que estabelece diretrizes para o descanso intrajornada dos m\u00e9dicos em regime de plant\u00e3o. Frequentemente, esse direito \u00e9 alvo de questionamentos, principalmente quando o repouso resulta em tempo de espera para os pacientes. Por esse motivo, o Conselho resolveu esclarecer e normatizar o tema. Acesse&nbsp;<a href=\"https:\/\/www.cremerj.org.br\/resolucoes\/exibe\/resolucao\/1573\">AQUI<\/a>&nbsp;a Resolu\u00e7\u00e3o CREMERJ n\u00ba 362\/2025.<\/p>\n<p>De acordo com a resolu\u00e7\u00e3o, caber\u00e1 \u00e0 dire\u00e7\u00e3o t\u00e9cnica de cada unidade definir os per\u00edodos de descanso da equipe m\u00e9dica, conforme a legisla\u00e7\u00e3o vigente, contratos de trabalho e a demanda de atendimentos. O documento recomenda um m\u00ednimo de uma hora de repouso para cada turno que exceda seis horas e pelo menos 15 minutos para turno de at\u00e9 seis horas. Al\u00e9m disso, o descanso pode ser usufru\u00eddo de forma fragmentada ou em per\u00edodo \u00fanico, a depender da organiza\u00e7\u00e3o interna do estabelecimento.<\/p>\n<p>A resolu\u00e7\u00e3o refor\u00e7a que, mesmo durante o descanso, o profissional pode ser acionado para atender situa\u00e7\u00f5es de urg\u00eancia e emerg\u00eancia, garantindo a continuidade da assist\u00eancia m\u00e9dica sem preju\u00edzo aos pacientes. Cada institui\u00e7\u00e3o dever\u00e1 definir procedimentos internos para esse acionamento, priorizando a manuten\u00e7\u00e3o do descanso de outros profissionais que n\u00e3o precisem ser chamados.<\/p>\n<p>Para assegurar condi\u00e7\u00f5es adequadas de repouso, a norma estabelece que as unidades de sa\u00fade garantam espa\u00e7os apropriados aos m\u00e9dicos plantonistas. Esses ambientes devem contar com alimenta\u00e7\u00e3o de qualidade, \u00e1gua pot\u00e1vel, banheiro com chuveiro aquecido, conforto t\u00e9rmico e sonoro e camas com roupa de cama para os plant\u00f5es noturnos.<\/p>\n<p>Outro ponto importante da resolu\u00e7\u00e3o \u00e9 a recomenda\u00e7\u00e3o para que as institui\u00e7\u00f5es fixem informa\u00e7\u00f5es vis\u00edveis ao p\u00fablico sobre o direito dos m\u00e9dicos ao descanso. De acordo com o texto, fica vedado o acesso de pessoas estranhas ao servi\u00e7o nas \u00e1reas de repouso e o registro de imagens dos profissionais durante esses momentos sem a devida autoriza\u00e7\u00e3o.<\/p>\n<p>A norma tamb\u00e9m pro\u00edbe que o per\u00edodo de descanso seja utilizado para treinamentos, reuni\u00f5es ou atividades administrativas, refor\u00e7ando a necessidade de garantir o tempo adequado para a recupera\u00e7\u00e3o do profissional. A Resolu\u00e7\u00e3o CREMERJ n\u00ba 362\/2025 entrar\u00e1 em vigor 90 dias ap\u00f3s sua publica\u00e7\u00e3o, tendo efeito em todo o estado do Rio de Janeiro.&nbsp;<a href=\"https:\/\/www.cremerj.org.br\/resolucoes\/exibe\/resolucao\/1573\">Clique aqui<\/a>&nbsp;para ler a \u00edntegra.<\/p>\n","protected":false},"excerpt":{"rendered":"<p>fonte: Cremerj O CREMERJ publicou a Resolu\u00e7\u00e3o n\u00ba 362\/2025, que estabelece diretrizes para o descanso intrajornada dos m\u00e9dicos em regime de plant\u00e3o. Frequentemente, esse direito \u00e9 alvo de questionamentos, principalmente quando o repouso resulta em tempo de espera para os pacientes. Por esse motivo, o Conselho resolveu esclarecer e normatizar o tema. Acesse&nbsp;AQUI&nbsp;a Resolu\u00e7\u00e3o CREMERJ [&hellip;]<\/p>\n","protected":false},"author":1,"featured_media":17741,"comment_status":"closed","ping_status":"closed","sticky":false,"template":"","format":"standard","meta":{"ngg_post_thumbnail":0,"footnotes":""},"categories":[2],"tags":[],"class_list":["post-17740","post","type-post","status-publish","format-standard","has-post-thumbnail","hentry","category-noticias"],"aioseo_notices":[],"gutentor_comment":0,"_links":{"self":[{"href":"https:\/\/sobedrj.com.br\/novo\/wp-json\/wp\/v2\/posts\/17740","targetHints":{"allow":["GET"]}}],"collection":[{"href":"https:\/\/sobedrj.com.br\/novo\/wp-json\/wp\/v2\/posts"}],"about":[{"href":"https:\/\/sobedrj.com.br\/novo\/wp-json\/wp\/v2\/types\/post"}],"author":[{"embeddable":true,"href":"https:\/\/sobedrj.com.br\/novo\/wp-json\/wp\/v2\/users\/1"}],"replies":[{"embeddable":true,"href":"https:\/\/sobedrj.com.br\/novo\/wp-json\/wp\/v2\/comments?post=17740"}],"version-history":[{"count":1,"href":"https:\/\/sobedrj.com.br\/novo\/wp-json\/wp\/v2\/posts\/17740\/revisions"}],"predecessor-version":[{"id":17742,"href":"https:\/\/sobedrj.com.br\/novo\/wp-json\/wp\/v2\/posts\/17740\/revisions\/17742"}],"wp:featuredmedia":[{"embeddable":true,"href":"https:\/\/sobedrj.com.br\/novo\/wp-json\/wp\/v2\/media\/17741"}],"wp:attachment":[{"href":"https:\/\/sobedrj.com.br\/novo\/wp-json\/wp\/v2\/media?parent=17740"}],"wp:term":[{"taxonomy":"category","embeddable":true,"href":"https:\/\/sobedrj.com.br\/novo\/wp-json\/wp\/v2\/categories?post=17740"},{"taxonomy":"post_tag","embeddable":true,"href":"https:\/\/sobedrj.com.br\/novo\/wp-json\/wp\/v2\/tags?post=17740"}],"curies":[{"name":"wp","href":"https:\/\/api.w.org\/{rel}","templated":true}]}}