{"id":17839,"date":"2025-06-02T08:25:36","date_gmt":"2025-06-02T11:25:36","guid":{"rendered":"https:\/\/sobedrj.com.br\/novo\/?p=17839"},"modified":"2025-06-02T08:25:36","modified_gmt":"2025-06-02T11:25:36","slug":"inscricoes-abertas-para-sbad-2025-que-sera-em-sao-paulo","status":"publish","type":"post","link":"https:\/\/sobedrj.com.br\/novo\/2025\/06\/02\/inscricoes-abertas-para-sbad-2025-que-sera-em-sao-paulo\/","title":{"rendered":"Inscri\u00e7\u00f5es abertas para SBAD 2025 que ser\u00e1 em S\u00e3o Paulo"},"content":{"rendered":"<p>Est\u00e3o abertas as inscri\u00e7\u00f5es para a XXIV Semana Brasileira do Aparelho Digestivo, que ser\u00e1 realizada de 13 a 15 de novembro, no Distrito Anhembi, em S\u00e3o Paulo.<\/p>\n<p>Ser\u00e3o tr\u00eas dias com rica programa\u00e7\u00e3o cient\u00edfica e diversos cursos te\u00f3ricos e pr\u00e1ticos.<\/p>\n<p>N\u00e3o deixe para \u00faltima hora. Inscri\u00e7\u00f5es com valores diferenciados at\u00e9 27 de junho.<\/p>\n<p>Mais informa\u00e7\u00f5es em <a href=\"https:\/\/sbad2025.com.br\/\" target=\"_blank\" rel=\"noopener\">www.sbad2025.com.br<\/a><\/p>\n","protected":false},"excerpt":{"rendered":"<p>Est\u00e3o abertas as inscri\u00e7\u00f5es para a XXIV Semana Brasileira do Aparelho Digestivo, que ser\u00e1 realizada de 13 a 15 de novembro, no Distrito Anhembi, em S\u00e3o Paulo. Ser\u00e3o tr\u00eas dias com rica programa\u00e7\u00e3o cient\u00edfica e diversos cursos te\u00f3ricos e pr\u00e1ticos. N\u00e3o deixe para \u00faltima hora. Inscri\u00e7\u00f5es com valores diferenciados at\u00e9 27 de junho. Mais informa\u00e7\u00f5es [&hellip;]<\/p>\n","protected":false},"author":1,"featured_media":17840,"comment_status":"closed","ping_status":"closed","sticky":false,"template":"","format":"standard","meta":{"ngg_post_thumbnail":0,"footnotes":""},"categories":[2],"tags":[],"class_list":["post-17839","post","type-post","status-publish","format-standard","has-post-thumbnail","hentry","category-noticias"],"aioseo_notices":[],"gutentor_comment":0,"_links":{"self":[{"href":"https:\/\/sobedrj.com.br\/novo\/wp-json\/wp\/v2\/posts\/17839","targetHints":{"allow":["GET"]}}],"collection":[{"href":"https:\/\/sobedrj.com.br\/novo\/wp-json\/wp\/v2\/posts"}],"about":[{"href":"https:\/\/sobedrj.com.br\/novo\/wp-json\/wp\/v2\/types\/post"}],"author":[{"embeddable":true,"href":"https:\/\/sobedrj.com.br\/novo\/wp-json\/wp\/v2\/users\/1"}],"replies":[{"embeddable":true,"href":"https:\/\/sobedrj.com.br\/novo\/wp-json\/wp\/v2\/comments?post=17839"}],"version-history":[{"count":1,"href":"https:\/\/sobedrj.com.br\/novo\/wp-json\/wp\/v2\/posts\/17839\/revisions"}],"predecessor-version":[{"id":17841,"href":"https:\/\/sobedrj.com.br\/novo\/wp-json\/wp\/v2\/posts\/17839\/revisions\/17841"}],"wp:featuredmedia":[{"embeddable":true,"href":"https:\/\/sobedrj.com.br\/novo\/wp-json\/wp\/v2\/media\/17840"}],"wp:attachment":[{"href":"https:\/\/sobedrj.com.br\/novo\/wp-json\/wp\/v2\/media?parent=17839"}],"wp:term":[{"taxonomy":"category","embeddable":true,"href":"https:\/\/sobedrj.com.br\/novo\/wp-json\/wp\/v2\/categories?post=17839"},{"taxonomy":"post_tag","embeddable":true,"href":"https:\/\/sobedrj.com.br\/novo\/wp-json\/wp\/v2\/tags?post=17839"}],"curies":[{"name":"wp","href":"https:\/\/api.w.org\/{rel}","templated":true}]}}