{"id":18145,"date":"2025-10-27T11:02:31","date_gmt":"2025-10-27T14:02:31","guid":{"rendered":"https:\/\/sobedrj.com.br\/novo\/?p=18145"},"modified":"2025-10-27T11:18:02","modified_gmt":"2025-10-27T14:18:02","slug":"inscricoes-abertas-para-sobed-days-que-sera-em-recife-em-abril-de-2026","status":"publish","type":"post","link":"https:\/\/sobedrj.com.br\/novo\/2025\/10\/27\/inscricoes-abertas-para-sobed-days-que-sera-em-recife-em-abril-de-2026\/","title":{"rendered":"Inscri\u00e7\u00f5es abertas para SOBED Days que ser\u00e1 em Recife em abril de 2026"},"content":{"rendered":"<p>Est\u00e3o abertas as inscri\u00e7\u00f5es para o SOBED Days 2026, que ser\u00e1 realizado de 9 a 11 de abril de 2026 (quinta-feira a s\u00e1bado), em Recife, Pernambuco.<\/p>\n<p>A taxa de participa\u00e7\u00e3o conta com valores diferenciados at\u00e9 o dia 30 de novembro (domingo)<\/p>\n<p><a href=\"https:\/\/www.sobeddays.com.br\/\" target=\"_blank\" rel=\"noopener\">FA\u00c7A SUA INSCRI\u00c7\u00c3O<\/a><\/p>\n","protected":false},"excerpt":{"rendered":"<p>Est\u00e3o abertas as inscri\u00e7\u00f5es para o SOBED Days 2026, que ser\u00e1 realizado de 9 a 11 de abril de 2026 (quinta-feira a s\u00e1bado), em Recife, Pernambuco. A taxa de participa\u00e7\u00e3o conta com valores diferenciados at\u00e9 o dia 30 de novembro (domingo) FA\u00c7A SUA INSCRI\u00c7\u00c3O<\/p>\n","protected":false},"author":1,"featured_media":18149,"comment_status":"closed","ping_status":"closed","sticky":false,"template":"","format":"standard","meta":{"ngg_post_thumbnail":0,"footnotes":""},"categories":[2],"tags":[],"class_list":["post-18145","post","type-post","status-publish","format-standard","has-post-thumbnail","hentry","category-noticias"],"aioseo_notices":[],"gutentor_comment":0,"_links":{"self":[{"href":"https:\/\/sobedrj.com.br\/novo\/wp-json\/wp\/v2\/posts\/18145","targetHints":{"allow":["GET"]}}],"collection":[{"href":"https:\/\/sobedrj.com.br\/novo\/wp-json\/wp\/v2\/posts"}],"about":[{"href":"https:\/\/sobedrj.com.br\/novo\/wp-json\/wp\/v2\/types\/post"}],"author":[{"embeddable":true,"href":"https:\/\/sobedrj.com.br\/novo\/wp-json\/wp\/v2\/users\/1"}],"replies":[{"embeddable":true,"href":"https:\/\/sobedrj.com.br\/novo\/wp-json\/wp\/v2\/comments?post=18145"}],"version-history":[{"count":2,"href":"https:\/\/sobedrj.com.br\/novo\/wp-json\/wp\/v2\/posts\/18145\/revisions"}],"predecessor-version":[{"id":18148,"href":"https:\/\/sobedrj.com.br\/novo\/wp-json\/wp\/v2\/posts\/18145\/revisions\/18148"}],"wp:featuredmedia":[{"embeddable":true,"href":"https:\/\/sobedrj.com.br\/novo\/wp-json\/wp\/v2\/media\/18149"}],"wp:attachment":[{"href":"https:\/\/sobedrj.com.br\/novo\/wp-json\/wp\/v2\/media?parent=18145"}],"wp:term":[{"taxonomy":"category","embeddable":true,"href":"https:\/\/sobedrj.com.br\/novo\/wp-json\/wp\/v2\/categories?post=18145"},{"taxonomy":"post_tag","embeddable":true,"href":"https:\/\/sobedrj.com.br\/novo\/wp-json\/wp\/v2\/tags?post=18145"}],"curies":[{"name":"wp","href":"https:\/\/api.w.org\/{rel}","templated":true}]}}