{"id":18208,"date":"2026-01-14T09:00:18","date_gmt":"2026-01-14T12:00:18","guid":{"rendered":"https:\/\/sobedrj.com.br\/novo\/?p=18208"},"modified":"2026-01-14T09:00:18","modified_gmt":"2026-01-14T12:00:18","slug":"sobed-days-sera-em-recife-de-9-a-11-de-abril","status":"publish","type":"post","link":"https:\/\/sobedrj.com.br\/novo\/2026\/01\/14\/sobed-days-sera-em-recife-de-9-a-11-de-abril\/","title":{"rendered":"SOBED Days ser\u00e1 em Recife de 9 a 11 de abril"},"content":{"rendered":"<p>Recife sediar\u00e1 a edi\u00e7\u00e3o 2026 do SOBED DAYS entre os dias 9 e 11 de abril (quinta-feira a s\u00e1bado).<\/p>\n<p>As inscri\u00e7\u00f5es contam com valores diferenciados at\u00e9 o dia 29 de janeiro (quinta-feira)<\/p>\n<p>N\u00e3o perca tempo. Acesse o site do evento, confira a programa\u00e7\u00e3o e fa\u00e7a sua inscri\u00e7\u00e3o.<\/p>\n<p><a href=\"https:\/\/sobeddays.com.br\/sobed2026\" target=\"_blank\" rel=\"noopener\">SAIBA MAIS<\/a><\/p>\n","protected":false},"excerpt":{"rendered":"<p>Recife sediar\u00e1 a edi\u00e7\u00e3o 2026 do SOBED DAYS entre os dias 9 e 11 de abril (quinta-feira a s\u00e1bado). As inscri\u00e7\u00f5es contam com valores diferenciados at\u00e9 o dia 29 de janeiro (quinta-feira) N\u00e3o perca tempo. Acesse o site do evento, confira a programa\u00e7\u00e3o e fa\u00e7a sua inscri\u00e7\u00e3o. SAIBA MAIS<\/p>\n","protected":false},"author":1,"featured_media":18209,"comment_status":"closed","ping_status":"closed","sticky":false,"template":"","format":"standard","meta":{"ngg_post_thumbnail":0,"footnotes":""},"categories":[1],"tags":[],"class_list":["post-18208","post","type-post","status-publish","format-standard","has-post-thumbnail","hentry","category-uncategorized"],"aioseo_notices":[],"gutentor_comment":0,"_links":{"self":[{"href":"https:\/\/sobedrj.com.br\/novo\/wp-json\/wp\/v2\/posts\/18208","targetHints":{"allow":["GET"]}}],"collection":[{"href":"https:\/\/sobedrj.com.br\/novo\/wp-json\/wp\/v2\/posts"}],"about":[{"href":"https:\/\/sobedrj.com.br\/novo\/wp-json\/wp\/v2\/types\/post"}],"author":[{"embeddable":true,"href":"https:\/\/sobedrj.com.br\/novo\/wp-json\/wp\/v2\/users\/1"}],"replies":[{"embeddable":true,"href":"https:\/\/sobedrj.com.br\/novo\/wp-json\/wp\/v2\/comments?post=18208"}],"version-history":[{"count":1,"href":"https:\/\/sobedrj.com.br\/novo\/wp-json\/wp\/v2\/posts\/18208\/revisions"}],"predecessor-version":[{"id":18210,"href":"https:\/\/sobedrj.com.br\/novo\/wp-json\/wp\/v2\/posts\/18208\/revisions\/18210"}],"wp:featuredmedia":[{"embeddable":true,"href":"https:\/\/sobedrj.com.br\/novo\/wp-json\/wp\/v2\/media\/18209"}],"wp:attachment":[{"href":"https:\/\/sobedrj.com.br\/novo\/wp-json\/wp\/v2\/media?parent=18208"}],"wp:term":[{"taxonomy":"category","embeddable":true,"href":"https:\/\/sobedrj.com.br\/novo\/wp-json\/wp\/v2\/categories?post=18208"},{"taxonomy":"post_tag","embeddable":true,"href":"https:\/\/sobedrj.com.br\/novo\/wp-json\/wp\/v2\/tags?post=18208"}],"curies":[{"name":"wp","href":"https:\/\/api.w.org\/{rel}","templated":true}]}}