{"id":18221,"date":"2026-01-26T09:41:47","date_gmt":"2026-01-26T12:41:47","guid":{"rendered":"https:\/\/sobedrj.com.br\/novo\/?p=18221"},"modified":"2026-01-27T16:21:28","modified_gmt":"2026-01-27T19:21:28","slug":"cfm-encerra-intervencao-no-cremerj-e-autoriza-posse-de-nova-diretoria","status":"publish","type":"post","link":"https:\/\/sobedrj.com.br\/novo\/2026\/01\/26\/cfm-encerra-intervencao-no-cremerj-e-autoriza-posse-de-nova-diretoria\/","title":{"rendered":"CFM encerra interven\u00e7\u00e3o no Cremerj e autoriza posse de nova diretoria"},"content":{"rendered":"<p>fonte: <a href=\"https:\/\/portal.cfm.org.br\/noticias\/cfm-encerra-intervencao-no-cremerj-e-autoriza-posse-de-nova-diretoria\" target=\"_blank\" rel=\"noopener\">CFM<\/a><\/p>\n<p>O Conselho Federal de Medicina (CFM) encerrou, nesta segunda-feira (19), a interven\u00e7\u00e3o administrativa no Conselho Regional de Medicina do Estado do Rio de Janeiro (Cremerj), iniciada em mar\u00e7o do ano passado. A medida foi formalizada pela Resolu\u00e7\u00e3o CFM n\u00ba 2.452\/2026, publicada no Di\u00e1rio Oficial da Uni\u00e3o, que declarou o fim da interven\u00e7\u00e3o e autorizou a posse da nova diretoria eleita pelo plen\u00e1rio do Cremerj em 8 de janeiro.<\/p>\n<p>A interven\u00e7\u00e3o foi autorizada pelo plen\u00e1rio do CFM ap\u00f3s o CFM comprovar, em auditoria, den\u00fancias sobre o mau uso dos recursos administrados pelo Cremerj.<\/p>\n<p>Ap\u00f3s a atua\u00e7\u00e3o do CFM, o Cremerj terminou o ano com saldo positivo em caixa ap\u00f3s anos de gest\u00e3o no vermelho, conforme&nbsp; balan\u00e7o apresentado no in\u00edcio deste ano pela diretoria provis\u00f3ria do conselho regional. Para recuperar a credibilidade institucional, a diretoria interventora, presidida pelo conselheiro federal Alexandre de Menezes, implementou medidas de austeridade financeira, como o controle de gastos, reorganiza\u00e7\u00e3o da gest\u00e3o de pessoal e fortalecimento dos mecanismos de governan\u00e7a, transpar\u00eancia e conformidade administrativa. Tamb\u00e9m participaram da diretoria interventora os conselheiros federais Ademar Augusto e Alceu Pimentel.<\/p>\n<p>Em setembro, foi escolhida a diretoria provis\u00f3ria, presidida pelo conselheiro regional do Rio de Janeiro, Guilherme Nadais. \u201cCom a gest\u00e3o de choque, o resultado veio. O Cremerj vem cumprido as orienta\u00e7\u00f5es do CFM\u201d afirmou Nadais em reuni\u00e3o no in\u00edcio deste ano com a diretoria do CFM. Na conversa, Nadais agradeceu o apoio recebido do CFM durante o per\u00edodo em que comandou o Cremerj.<\/p>\n<p>Durante a interven\u00e7\u00e3o, foram promovidas mudan\u00e7as estruturais em \u00e1reas consideradas estrat\u00e9gicas para o funcionamento do Conselho, como a moderniza\u00e7\u00e3o administrativa e o fortalecimento da gest\u00e3o, como a migra\u00e7\u00e3o do cadastro institucional para o SIEM\/CFM e a implanta\u00e7\u00e3o do Sistema Eletr\u00f4nico de Informa\u00e7\u00f5es (SEI). Houve a profissionaliza\u00e7\u00e3o da gest\u00e3o de pessoal, com reestrutura\u00e7\u00e3o da folha de pagamento e reorganiza\u00e7\u00e3o dos fluxos internos, al\u00e9m da revis\u00e3o de contratos e do aprimoramento dos processos licitat\u00f3rios.<\/p>\n<p>Soma-se a essas a\u00e7\u00f5es a retomada do trabalho da Comiss\u00e3o de Obras para recuperar a sede hist\u00f3rica em Botafogo, a reativa\u00e7\u00e3o de comiss\u00f5es t\u00e9cnicas, a moderniza\u00e7\u00e3o dos sistemas de fiscaliza\u00e7\u00e3o e a amplia\u00e7\u00e3o do uso de prescri\u00e7\u00f5es eletr\u00f4nicas. As medidas consolidaram o Cremerj como uma autarquia funcional, \u00edntegra e alinhada aos princ\u00edpios da governan\u00e7a, legalidade e efici\u00eancia administrativa.<\/p>\n<p>Mesmo com o fim formal da interven\u00e7\u00e3o, o CFM manter\u00e1, nos pr\u00f3ximos meses, acompanhamento sistem\u00e1tico da gest\u00e3o do Cremerj. O regime de monitoramento prev\u00ea o envio de relat\u00f3rios mensais, com informa\u00e7\u00f5es administrativas e financeiras, al\u00e9m de visitas t\u00e9cnicas peri\u00f3dicas, com o objetivo de assegurar a consolida\u00e7\u00e3o das melhorias implantadas e a continuidade das boas pr\u00e1ticas de gest\u00e3o.<\/p>\n<p>Com a posse da nova diretoria, que terminar\u00e1 o mandato em 30 de setembro de 2028, o Cremerj retoma plenamente sua condu\u00e7\u00e3o institucional, sob monitoramento transit\u00f3rio do CFM, em conformidade com as normas que regem o Sistema Conselhal da Medicina. \u201cO CFM permanecer\u00e1 vigilante, intransigente com qualquer tentativa de desvio de finalidade, e firme em sua miss\u00e3o de garantir que o sistema conselhal funcione com \u00e9tica, transpar\u00eancia, legalidade e efici\u00eancia, princ\u00edpios que devem nortear toda institui\u00e7\u00e3o p\u00fablica e, sobretudo, aquelas que representam a medicina brasileira\u201d, destacou o presidente da autarquia, Jos\u00e9 Hiran da Silva Gallo.<\/p>\n","protected":false},"excerpt":{"rendered":"<p>fonte: CFM O Conselho Federal de Medicina (CFM) encerrou, nesta segunda-feira (19), a interven\u00e7\u00e3o administrativa no Conselho Regional de Medicina do Estado do Rio de Janeiro (Cremerj), iniciada em mar\u00e7o do ano passado. A medida foi formalizada pela Resolu\u00e7\u00e3o CFM n\u00ba 2.452\/2026, publicada no Di\u00e1rio Oficial da Uni\u00e3o, que declarou o fim da interven\u00e7\u00e3o e [&hellip;]<\/p>\n","protected":false},"author":1,"featured_media":8374,"comment_status":"closed","ping_status":"closed","sticky":false,"template":"","format":"standard","meta":{"ngg_post_thumbnail":0,"footnotes":""},"categories":[2],"tags":[],"class_list":["post-18221","post","type-post","status-publish","format-standard","has-post-thumbnail","hentry","category-noticias"],"aioseo_notices":[],"gutentor_comment":0,"_links":{"self":[{"href":"https:\/\/sobedrj.com.br\/novo\/wp-json\/wp\/v2\/posts\/18221","targetHints":{"allow":["GET"]}}],"collection":[{"href":"https:\/\/sobedrj.com.br\/novo\/wp-json\/wp\/v2\/posts"}],"about":[{"href":"https:\/\/sobedrj.com.br\/novo\/wp-json\/wp\/v2\/types\/post"}],"author":[{"embeddable":true,"href":"https:\/\/sobedrj.com.br\/novo\/wp-json\/wp\/v2\/users\/1"}],"replies":[{"embeddable":true,"href":"https:\/\/sobedrj.com.br\/novo\/wp-json\/wp\/v2\/comments?post=18221"}],"version-history":[{"count":1,"href":"https:\/\/sobedrj.com.br\/novo\/wp-json\/wp\/v2\/posts\/18221\/revisions"}],"predecessor-version":[{"id":18222,"href":"https:\/\/sobedrj.com.br\/novo\/wp-json\/wp\/v2\/posts\/18221\/revisions\/18222"}],"wp:featuredmedia":[{"embeddable":true,"href":"https:\/\/sobedrj.com.br\/novo\/wp-json\/wp\/v2\/media\/8374"}],"wp:attachment":[{"href":"https:\/\/sobedrj.com.br\/novo\/wp-json\/wp\/v2\/media?parent=18221"}],"wp:term":[{"taxonomy":"category","embeddable":true,"href":"https:\/\/sobedrj.com.br\/novo\/wp-json\/wp\/v2\/categories?post=18221"},{"taxonomy":"post_tag","embeddable":true,"href":"https:\/\/sobedrj.com.br\/novo\/wp-json\/wp\/v2\/tags?post=18221"}],"curies":[{"name":"wp","href":"https:\/\/api.w.org\/{rel}","templated":true}]}}