{"id":18223,"date":"2026-01-26T09:43:53","date_gmt":"2026-01-26T12:43:53","guid":{"rendered":"https:\/\/sobedrj.com.br\/novo\/?p=18223"},"modified":"2026-01-27T16:21:37","modified_gmt":"2026-01-27T19:21:37","slug":"nova-diretoria-do-cremerj-toma-posse-2","status":"publish","type":"post","link":"https:\/\/sobedrj.com.br\/novo\/2026\/01\/26\/nova-diretoria-do-cremerj-toma-posse-2\/","title":{"rendered":"Nova diretoria do CREMERJ toma posse"},"content":{"rendered":"<p>fonte: Cremerj<\/p>\n<p>A nova diretoria do CREMERJ tomou posse nesta ter\u00e7a-feira, 20 de janeiro. J\u00e1 na quarta-feira, dia 21, foi realizada a investidura nos cargos e o in\u00edcio do exerc\u00edcio das fun\u00e7\u00f5es.<\/p>\n<p>O grupo ficar\u00e1 \u00e0 frente da autarquia at\u00e9 30 de setembro de 2028. Os diretores foram eleitos por unanimidade em plen\u00e1ria do CREMERJ, que aconteceu em 8 de janeiro deste ano. A posse tamb\u00e9m marca o encerramento da interven\u00e7\u00e3o realizada pelo Conselho Federal de Medicina (CFM) na autarquia, conforme disp\u00f5e a Resolu\u00e7\u00e3o CFM n\u00ba 2.452\/2026.<\/p>\n<p>Comp\u00f5em a nova diretoria do CREMERJ os seguintes conselheiros:<\/p>\n<p>Presidente: Ant\u00f4nio Rodrigues Braga Neto<\/p>\n<p>Vice-presidente: Marcelo Veloso Peixoto<\/p>\n<p>Secret\u00e1rio-geral: Gustavo Khaled Vasconcellos da Silva Delgado<\/p>\n<p>Primeiro-secret\u00e1rio: Jos\u00e9 Ramon Varela Blanco<\/p>\n<p>Tesoureiro: Roberto de Castro Meirelles de Almeida<\/p>\n<p>Primeiro-tesoureiro: Fernando Jorge dos Santos Barros<\/p>\n<p>Diretora de Sede e Representa\u00e7\u00f5es: Renata Christine Simas de Lima<\/p>\n<p>Corregedor: Andr\u00e9 Lu\u00eds dos Santos Medeiros<\/p>\n<p>Vice-corregedora: Ana Cristina Russo Marques Vicente<\/p>\n<p>J\u00e1 a Comiss\u00e3o de Tomada de Contas \u00e9 composta pelos conselheiros Ana Cristina Baptista da Silva Figueiredo, Glaucia Maria Moraes de Oliveira e Ronaldo Contreiras de Oliveira Vinagre.<\/p>\n","protected":false},"excerpt":{"rendered":"<p>fonte: Cremerj A nova diretoria do CREMERJ tomou posse nesta ter\u00e7a-feira, 20 de janeiro. J\u00e1 na quarta-feira, dia 21, foi realizada a investidura nos cargos e o in\u00edcio do exerc\u00edcio das fun\u00e7\u00f5es. O grupo ficar\u00e1 \u00e0 frente da autarquia at\u00e9 30 de setembro de 2028. Os diretores foram eleitos por unanimidade em plen\u00e1ria do CREMERJ, [&hellip;]<\/p>\n","protected":false},"author":1,"featured_media":18224,"comment_status":"closed","ping_status":"closed","sticky":false,"template":"","format":"standard","meta":{"ngg_post_thumbnail":0,"footnotes":""},"categories":[2],"tags":[],"class_list":["post-18223","post","type-post","status-publish","format-standard","has-post-thumbnail","hentry","category-noticias"],"aioseo_notices":[],"gutentor_comment":0,"_links":{"self":[{"href":"https:\/\/sobedrj.com.br\/novo\/wp-json\/wp\/v2\/posts\/18223","targetHints":{"allow":["GET"]}}],"collection":[{"href":"https:\/\/sobedrj.com.br\/novo\/wp-json\/wp\/v2\/posts"}],"about":[{"href":"https:\/\/sobedrj.com.br\/novo\/wp-json\/wp\/v2\/types\/post"}],"author":[{"embeddable":true,"href":"https:\/\/sobedrj.com.br\/novo\/wp-json\/wp\/v2\/users\/1"}],"replies":[{"embeddable":true,"href":"https:\/\/sobedrj.com.br\/novo\/wp-json\/wp\/v2\/comments?post=18223"}],"version-history":[{"count":2,"href":"https:\/\/sobedrj.com.br\/novo\/wp-json\/wp\/v2\/posts\/18223\/revisions"}],"predecessor-version":[{"id":18229,"href":"https:\/\/sobedrj.com.br\/novo\/wp-json\/wp\/v2\/posts\/18223\/revisions\/18229"}],"wp:featuredmedia":[{"embeddable":true,"href":"https:\/\/sobedrj.com.br\/novo\/wp-json\/wp\/v2\/media\/18224"}],"wp:attachment":[{"href":"https:\/\/sobedrj.com.br\/novo\/wp-json\/wp\/v2\/media?parent=18223"}],"wp:term":[{"taxonomy":"category","embeddable":true,"href":"https:\/\/sobedrj.com.br\/novo\/wp-json\/wp\/v2\/categories?post=18223"},{"taxonomy":"post_tag","embeddable":true,"href":"https:\/\/sobedrj.com.br\/novo\/wp-json\/wp\/v2\/tags?post=18223"}],"curies":[{"name":"wp","href":"https:\/\/api.w.org\/{rel}","templated":true}]}}