{"id":18298,"date":"2026-03-05T10:09:42","date_gmt":"2026-03-05T13:09:42","guid":{"rendered":"https:\/\/sobedrj.com.br\/novo\/?p=18298"},"modified":"2026-03-05T10:09:42","modified_gmt":"2026-03-05T13:09:42","slug":"simposio-multidisciplinar-de-doencas-do-esofago-ocorrera-no-dia-21-no-cbc","status":"publish","type":"post","link":"https:\/\/sobedrj.com.br\/novo\/2026\/03\/05\/simposio-multidisciplinar-de-doencas-do-esofago-ocorrera-no-dia-21-no-cbc\/","title":{"rendered":"Simp\u00f3sio Multidisciplinar de Doen\u00e7as do Es\u00f4fago ocorrer\u00e1 no dia 21 no CBC"},"content":{"rendered":"<p>O 2\u00ba Simp\u00f3sio Multidisciplinar de Doen\u00e7as do Es\u00f4fago ser\u00e1 realizado no dia 21 de mar\u00e7o, s\u00e1bado, das 8h30 \u00e0s 16h30, no Col\u00e9gio Brasileiro de Cirurgi\u00f5es, em Botafogo.<\/p>\n<p>Associados quites da SOBED-RJ contam com valores diferenciados. Basta usar o c\u00f3digo CBCCONVIDA26 no ato da inscri\u00e7\u00e3o.<\/p>\n<p><a href=\"https:\/\/cbc.entity.itarget.com.br\/offers\/2917\/39\" target=\"_blank\" rel=\"noopener\">CONFIRA A PROGRAMA\u00c7\u00c3O E FA\u00c7A SUA INSCRI\u00c7\u00c3O<\/a><\/p>\n","protected":false},"excerpt":{"rendered":"<p>O 2\u00ba Simp\u00f3sio Multidisciplinar de Doen\u00e7as do Es\u00f4fago ser\u00e1 realizado no dia 21 de mar\u00e7o, s\u00e1bado, das 8h30 \u00e0s 16h30, no Col\u00e9gio Brasileiro de Cirurgi\u00f5es, em Botafogo. Associados quites da SOBED-RJ contam com valores diferenciados. Basta usar o c\u00f3digo CBCCONVIDA26 no ato da inscri\u00e7\u00e3o. CONFIRA A PROGRAMA\u00c7\u00c3O E FA\u00c7A SUA INSCRI\u00c7\u00c3O<\/p>\n","protected":false},"author":1,"featured_media":18299,"comment_status":"closed","ping_status":"closed","sticky":false,"template":"","format":"standard","meta":{"ngg_post_thumbnail":0,"footnotes":""},"categories":[2],"tags":[],"class_list":["post-18298","post","type-post","status-publish","format-standard","has-post-thumbnail","hentry","category-noticias"],"aioseo_notices":[],"gutentor_comment":0,"_links":{"self":[{"href":"https:\/\/sobedrj.com.br\/novo\/wp-json\/wp\/v2\/posts\/18298","targetHints":{"allow":["GET"]}}],"collection":[{"href":"https:\/\/sobedrj.com.br\/novo\/wp-json\/wp\/v2\/posts"}],"about":[{"href":"https:\/\/sobedrj.com.br\/novo\/wp-json\/wp\/v2\/types\/post"}],"author":[{"embeddable":true,"href":"https:\/\/sobedrj.com.br\/novo\/wp-json\/wp\/v2\/users\/1"}],"replies":[{"embeddable":true,"href":"https:\/\/sobedrj.com.br\/novo\/wp-json\/wp\/v2\/comments?post=18298"}],"version-history":[{"count":1,"href":"https:\/\/sobedrj.com.br\/novo\/wp-json\/wp\/v2\/posts\/18298\/revisions"}],"predecessor-version":[{"id":18300,"href":"https:\/\/sobedrj.com.br\/novo\/wp-json\/wp\/v2\/posts\/18298\/revisions\/18300"}],"wp:featuredmedia":[{"embeddable":true,"href":"https:\/\/sobedrj.com.br\/novo\/wp-json\/wp\/v2\/media\/18299"}],"wp:attachment":[{"href":"https:\/\/sobedrj.com.br\/novo\/wp-json\/wp\/v2\/media?parent=18298"}],"wp:term":[{"taxonomy":"category","embeddable":true,"href":"https:\/\/sobedrj.com.br\/novo\/wp-json\/wp\/v2\/categories?post=18298"},{"taxonomy":"post_tag","embeddable":true,"href":"https:\/\/sobedrj.com.br\/novo\/wp-json\/wp\/v2\/tags?post=18298"}],"curies":[{"name":"wp","href":"https:\/\/api.w.org\/{rel}","templated":true}]}}