{"id":18301,"date":"2026-03-05T10:56:22","date_gmt":"2026-03-05T13:56:22","guid":{"rendered":"https:\/\/sobedrj.com.br\/novo\/?p=18301"},"modified":"2026-03-05T10:57:58","modified_gmt":"2026-03-05T13:57:58","slug":"caminhada-em-prol-do-marco-azul-sera-no-dia-29-de-marco","status":"publish","type":"post","link":"https:\/\/sobedrj.com.br\/novo\/2026\/03\/05\/caminhada-em-prol-do-marco-azul-sera-no-dia-29-de-marco\/","title":{"rendered":"Caminhada em prol do Mar\u00e7o Azul ser\u00e1 no dia 29 de mar\u00e7o"},"content":{"rendered":"<p>Fique ligado!<\/p>\n<p>A SOBED-RJ e a Sociedade Brasileira de Coloproctologia realizar\u00e3o uma caminhada em prol da campanha Mar\u00e7o Azul no dia 29 de mar\u00e7o, domingo, na praia de Copacabana. A concentra\u00e7\u00e3o ser\u00e1 a partir das 9h em frente ao hotel Fairmont.<\/p>\n<p>Contamos com a participa\u00e7\u00e3o de nossos associados. Vista a camisa azul e venha apoiar a campanha!<\/p>\n","protected":false},"excerpt":{"rendered":"<p>Fique ligado! A SOBED-RJ e a Sociedade Brasileira de Coloproctologia realizar\u00e3o uma caminhada em prol da campanha Mar\u00e7o Azul no dia 29 de mar\u00e7o, domingo, na praia de Copacabana. A concentra\u00e7\u00e3o ser\u00e1 a partir das 9h em frente ao hotel Fairmont. Contamos com a participa\u00e7\u00e3o de nossos associados. Vista a camisa azul e venha apoiar [&hellip;]<\/p>\n","protected":false},"author":1,"featured_media":18302,"comment_status":"closed","ping_status":"closed","sticky":false,"template":"","format":"standard","meta":{"ngg_post_thumbnail":0,"footnotes":""},"categories":[2],"tags":[],"class_list":["post-18301","post","type-post","status-publish","format-standard","has-post-thumbnail","hentry","category-noticias"],"aioseo_notices":[],"gutentor_comment":0,"_links":{"self":[{"href":"https:\/\/sobedrj.com.br\/novo\/wp-json\/wp\/v2\/posts\/18301","targetHints":{"allow":["GET"]}}],"collection":[{"href":"https:\/\/sobedrj.com.br\/novo\/wp-json\/wp\/v2\/posts"}],"about":[{"href":"https:\/\/sobedrj.com.br\/novo\/wp-json\/wp\/v2\/types\/post"}],"author":[{"embeddable":true,"href":"https:\/\/sobedrj.com.br\/novo\/wp-json\/wp\/v2\/users\/1"}],"replies":[{"embeddable":true,"href":"https:\/\/sobedrj.com.br\/novo\/wp-json\/wp\/v2\/comments?post=18301"}],"version-history":[{"count":3,"href":"https:\/\/sobedrj.com.br\/novo\/wp-json\/wp\/v2\/posts\/18301\/revisions"}],"predecessor-version":[{"id":18307,"href":"https:\/\/sobedrj.com.br\/novo\/wp-json\/wp\/v2\/posts\/18301\/revisions\/18307"}],"wp:featuredmedia":[{"embeddable":true,"href":"https:\/\/sobedrj.com.br\/novo\/wp-json\/wp\/v2\/media\/18302"}],"wp:attachment":[{"href":"https:\/\/sobedrj.com.br\/novo\/wp-json\/wp\/v2\/media?parent=18301"}],"wp:term":[{"taxonomy":"category","embeddable":true,"href":"https:\/\/sobedrj.com.br\/novo\/wp-json\/wp\/v2\/categories?post=18301"},{"taxonomy":"post_tag","embeddable":true,"href":"https:\/\/sobedrj.com.br\/novo\/wp-json\/wp\/v2\/tags?post=18301"}],"curies":[{"name":"wp","href":"https:\/\/api.w.org\/{rel}","templated":true}]}}