{"id":3217,"date":"2017-01-25T08:39:08","date_gmt":"2017-01-25T08:39:08","guid":{"rendered":"http:\/\/sobedrj.com.br\/novo\/?p=3217"},"modified":"2017-01-25T08:39:08","modified_gmt":"2017-01-25T08:39:08","slug":"cremerj-prorroga-parcelamento-da-anuidade-ate-31-de-janeiro","status":"publish","type":"post","link":"https:\/\/sobedrj.com.br\/novo\/2017\/01\/25\/cremerj-prorroga-parcelamento-da-anuidade-ate-31-de-janeiro\/","title":{"rendered":"CREMERJ prorroga parcelamento da anuidade at\u00e9 31 de janeiro"},"content":{"rendered":"<p>O CREMERJ prorrogou o prazo para parcelamento da anuidade de 2017 aos m\u00e9dicos inscritos no Rio de Janeiro. Ser\u00e1 poss\u00edvel aderir ao pagamento em at\u00e9 cinco vezes, inclusive com cart\u00e3o de cr\u00e9dito, at\u00e9 31 de janeiro, data correspondente \u00e0 primeira parcela. A medida tamb\u00e9m \u00e9 v\u00e1lida para Pessoa Jur\u00eddica. A op\u00e7\u00e3o de cart\u00e3o de cr\u00e9dito est\u00e1 dispon\u00edvel na sede; nas subsedes de Campo Grande, Tijuca, Madureira e Barra da Tijuca; e nas seccionais de Niter\u00f3i, Cabo Frio, Campos dos Goytacazes, Volta Redonda, Nova Igua\u00e7u e Petr\u00f3polis.<\/p>\n<p>Em cumprimento \u00e0 decis\u00e3o do Conselho Federal de Medicina (CFM), atrav\u00e9s da Resolu\u00e7\u00e3o CFM n\u00ba 2150\/2016, a anuidade sofreu reajuste de 9,56%, \u00edndice calculado com base na infla\u00e7\u00e3o de agosto de 2015 a julho de 2016, ficando em R$ 712,00.<\/p>\n<p>A anuidade dos conselhos profissionais est\u00e1 prevista pela lei federal n\u00ba 12.514, de 2011. Assim como ao CREMERJ, \u00e0s demais autarquias federais tamb\u00e9m \u00e9 atribu\u00eddo o recebimento das anuidades para que se possa\u00a0 manter o funcionamento das institui\u00e7\u00f5es, tanto para fins de registro, como para fiscaliza\u00e7\u00e3o e fun\u00e7\u00f5es judicantes. No Conselho do Rio, os valores ainda s\u00e3o revertidos em prol do m\u00e9dico atrav\u00e9s de educa\u00e7\u00e3o continuada; acesso gratuito a Ebsco, com mais de 2 mil peri\u00f3dicos; elabora\u00e7\u00e3o de pareceres; palestras sobre \u00e9tica; e na defesa do ato m\u00e9dico; dentre outras atividades. Importante ressaltar que um ter\u00e7o do montante arrecadado \u00e9 enviado ao Conselho Federal de Medicina.<\/p>\n<p>A diretoria do Conselho sabe das dificuldades enfrentadas pelos m\u00e9dicos, principalmente os colegas cujos contratos est\u00e3o vinculados ao Estado, e se coloca \u00e0 disposi\u00e7\u00e3o para analisar solicita\u00e7\u00f5es especiais, que dever\u00e3o ser protocoladas ou encaminhadas para o e-mail <a href=\"mailto:gabinete@crm-rj.gov.br\">gabinete@crm-rj.gov.br<\/a>.<\/p>\n","protected":false},"excerpt":{"rendered":"<p>O CREMERJ prorrogou o prazo para parcelamento da anuidade de 2017 aos m\u00e9dicos inscritos no Rio de Janeiro. Ser\u00e1 poss\u00edvel aderir ao pagamento em at\u00e9 cinco vezes, inclusive com cart\u00e3o de cr\u00e9dito, at\u00e9 31 de janeiro, data correspondente \u00e0 primeira parcela. A medida tamb\u00e9m \u00e9 v\u00e1lida para Pessoa Jur\u00eddica. A op\u00e7\u00e3o de cart\u00e3o de cr\u00e9dito [&hellip;]<\/p>\n","protected":false},"author":1,"featured_media":503,"comment_status":"closed","ping_status":"open","sticky":false,"template":"","format":"standard","meta":{"ngg_post_thumbnail":0,"footnotes":""},"categories":[2],"tags":[],"class_list":["post-3217","post","type-post","status-publish","format-standard","has-post-thumbnail","hentry","category-noticias"],"aioseo_notices":[],"gutentor_comment":0,"_links":{"self":[{"href":"https:\/\/sobedrj.com.br\/novo\/wp-json\/wp\/v2\/posts\/3217","targetHints":{"allow":["GET"]}}],"collection":[{"href":"https:\/\/sobedrj.com.br\/novo\/wp-json\/wp\/v2\/posts"}],"about":[{"href":"https:\/\/sobedrj.com.br\/novo\/wp-json\/wp\/v2\/types\/post"}],"author":[{"embeddable":true,"href":"https:\/\/sobedrj.com.br\/novo\/wp-json\/wp\/v2\/users\/1"}],"replies":[{"embeddable":true,"href":"https:\/\/sobedrj.com.br\/novo\/wp-json\/wp\/v2\/comments?post=3217"}],"version-history":[{"count":1,"href":"https:\/\/sobedrj.com.br\/novo\/wp-json\/wp\/v2\/posts\/3217\/revisions"}],"predecessor-version":[{"id":3218,"href":"https:\/\/sobedrj.com.br\/novo\/wp-json\/wp\/v2\/posts\/3217\/revisions\/3218"}],"wp:featuredmedia":[{"embeddable":true,"href":"https:\/\/sobedrj.com.br\/novo\/wp-json\/wp\/v2\/media\/503"}],"wp:attachment":[{"href":"https:\/\/sobedrj.com.br\/novo\/wp-json\/wp\/v2\/media?parent=3217"}],"wp:term":[{"taxonomy":"category","embeddable":true,"href":"https:\/\/sobedrj.com.br\/novo\/wp-json\/wp\/v2\/categories?post=3217"},{"taxonomy":"post_tag","embeddable":true,"href":"https:\/\/sobedrj.com.br\/novo\/wp-json\/wp\/v2\/tags?post=3217"}],"curies":[{"name":"wp","href":"https:\/\/api.w.org\/{rel}","templated":true}]}}